{"id":193617,"date":"2019-05-24T13:13:56","date_gmt":"2019-05-24T11:13:56","guid":{"rendered":"https:\/\/mame.stronawww.co\/slub-i-wesele-oaza-lencze-fotograf-slubny\/"},"modified":"2026-01-08T16:15:40","modified_gmt":"2026-01-08T15:15:40","slug":"oasis-lencze-wedding-and-reception-wedding-photographe","status":"publish","type":"post","link":"https:\/\/ma-me.pl\/en\/oasis-lencze-wedding-and-reception-wedding-photographe\/","title":{"rendered":"Oasis Le\u0144cze Wedding and Reception | Wedding Photographe"},"content":{"rendered":"\n<p>Spring has come. And with spring, another year has come, and another chapter of our photographic journey related to weddings. You could say it&#8217;s our personal, long-term photographic project, which we realize in life and to which we are devoted. Sometimes, we can&#8217;t believe it&#8217;s been a decade already, because we still feel so young\u2026<\/p>\n\n\n\n<p><br>Spring has come. With spring, there are lilacs, the green bursting with its juiciness, flies, dragonflies, and damselflies. Nature has come alive, awakened from a long, lazy winter slumber. It smells, brightens up, and the rhythm of nature spins again, carrying new promises and new hopes.<\/p>\n\n\n\n<p><br>Spring has come. With the beginning of the beautiful spring month of May, we met Agnieszka and Daniel, and we had no doubts that it would be a wonderful start to another wedding season. They brought so much energy, joy, and self-awareness. Even now, looking at the photos of Agnieszka playing with her pony during the session, we feel like she embodied spring \u2013 a breath of freshness, vitality, and optimism. Their Wedding Day \u2013 an outdoor ceremony, a family, joyful wedding at Oasis Le\u0144cze, was just like them \u2013 warm and relaxed. And then, there was the session, kids, a dog, a horse, balloons, and everything. A cheerful and lively chaos.<\/p>\n\n\n\n<p><br>Seriously, it was hard to say goodbye and leave because they made us feel like an integral part of this fantastic family. But we left, played our cards, edited the material, and now we present to you this wonderful story written with light, emotions, and spring. Enjoy!<\/p>\n\n\n\n<p><br>Wedding and Reception: Oasis Le\u0144cze<\/p>\n\n\n\n<figure class=\"wp-block-gallery-1 is-layout-flex wp-block-gallery-is-layout-flex\"><img loading=\"lazy\" decoding=\"async\" class=\"alignnone wp-image-164615\" src=\"https:\/\/ma-me.pl\/wp-content\/uploads\/2019\/05\/Dolina_Cedronu_wesele_slub_1-3.jpg\" alt=\"Dolina Cedronu zdj\u0119cie lotnicze\" width=\"800\" height=\"533\" data-id=\"164615\" data-link=\"https:\/\/ma-me.pl\/fotografia-slubna-krakow\/agnieszka-i-daniel-slub-i-wesele-w-dolinie-cedronu\/attachment\/dolina_cedronu_wesele_slub_1-4\/\" title=\"\" srcset=\"https:\/\/ma-me.pl\/wp-content\/uploads\/2019\/05\/Dolina_Cedronu_wesele_slub_1-3.jpg 900w, https:\/\/ma-me.pl\/wp-content\/uploads\/2019\/05\/Dolina_Cedronu_wesele_slub_1-3-300x200.jpg?_mod=1595017784 300w, https:\/\/ma-me.pl\/wp-content\/uploads\/2019\/05\/Dolina_Cedronu_wesele_slub_1-3-768x512.jpg?_mod=1595017784 768w, https:\/\/ma-me.pl\/wp-content\/uploads\/2019\/05\/Dolina_Cedronu_wesele_slub_1-3-50x33.jpg?_mod=1595017784 50w\" sizes=\"(max-width: 800px) 100vw, 800px\" \/><\/figure><figure><img loading=\"lazy\" decoding=\"async\" width=\"900\" height=\"600\" class=\"wp-image-164616\" src=\"https:\/\/ma-me.pl\/wp-content\/uploads\/2019\/05\/Dolina_Cedronu_wesele_slub_2-2.jpg\" alt=\"wesele Dolina Cedronu\" data-id=\"164616\" data-link=\"https:\/\/ma-me.pl\/fotografia-slubna-krakow\/agnieszka-i-daniel-slub-i-wesele-w-dolinie-cedronu\/attachment\/dolina_cedronu_wesele_slub_2-3\/\" title=\"\" srcset=\"https:\/\/ma-me.pl\/wp-content\/uploads\/2019\/05\/Dolina_Cedronu_wesele_slub_2-2.jpg 900w, https:\/\/ma-me.pl\/wp-content\/uploads\/2019\/05\/Dolina_Cedronu_wesele_slub_2-2-300x200.jpg?_mod=1595017828 300w, https:\/\/ma-me.pl\/wp-content\/uploads\/2019\/05\/Dolina_Cedronu_wesele_slub_2-2-768x512.jpg?_mod=1595017828 768w, https:\/\/ma-me.pl\/wp-content\/uploads\/2019\/05\/Dolina_Cedronu_wesele_slub_2-2-50x33.jpg?_mod=1595017828 50w\" sizes=\"(max-width: 900px) 100vw, 900px\" \/><\/figure><figure><img loading=\"lazy\" decoding=\"async\" width=\"900\" height=\"600\" class=\"wp-image-164617\" src=\"https:\/\/ma-me.pl\/wp-content\/uploads\/2019\/05\/Dolina_Cedronu_wesele_slub_3-2.jpg\" alt=\"\" data-id=\"164617\" data-link=\"https:\/\/ma-me.pl\/fotografia-slubna-krakow\/agnieszka-i-daniel-slub-i-wesele-w-dolinie-cedronu\/attachment\/dolina_cedronu_wesele_slub_3-3\/\" title=\"\" srcset=\"https:\/\/ma-me.pl\/wp-content\/uploads\/2019\/05\/Dolina_Cedronu_wesele_slub_3-2.jpg 900w, https:\/\/ma-me.pl\/wp-content\/uploads\/2019\/05\/Dolina_Cedronu_wesele_slub_3-2-300x200.jpg?_mod=1595017836 300w, https:\/\/ma-me.pl\/wp-content\/uploads\/2019\/05\/Dolina_Cedronu_wesele_slub_3-2-768x512.jpg?_mod=1595017836 768w, https:\/\/ma-me.pl\/wp-content\/uploads\/2019\/05\/Dolina_Cedronu_wesele_slub_3-2-50x33.jpg?_mod=1595017836 50w\" sizes=\"(max-width: 900px) 100vw, 900px\" \/><\/figure><figure><img loading=\"lazy\" decoding=\"async\" class=\"alignnone wp-image-164618\" src=\"https:\/\/ma-me.pl\/wp-content\/uploads\/2019\/05\/Dolina_Cedronu_wesele_slub_4-2.jpg\" alt=\"\u015alub i wesele Oaza Le\u0144cze | fotograf \u015blubny\" width=\"900\" height=\"600\" data-id=\"164618\" data-link=\"https:\/\/ma-me.pl\/fotografia-slubna-krakow\/agnieszka-i-daniel-slub-i-wesele-w-dolinie-cedronu\/attachment\/dolina_cedronu_wesele_slub_4-3\/\" title=\"\" srcset=\"https:\/\/ma-me.pl\/wp-content\/uploads\/2019\/05\/Dolina_Cedronu_wesele_slub_4-2.jpg 900w, https:\/\/ma-me.pl\/wp-content\/uploads\/2019\/05\/Dolina_Cedronu_wesele_slub_4-2-300x200.jpg?_mod=1595017844 300w, https:\/\/ma-me.pl\/wp-content\/uploads\/2019\/05\/Dolina_Cedronu_wesele_slub_4-2-768x512.jpg?_mod=1595017844 768w, https:\/\/ma-me.pl\/wp-content\/uploads\/2019\/05\/Dolina_Cedronu_wesele_slub_4-2-50x33.jpg?_mod=1595017844 50w\" sizes=\"(max-width: 900px) 100vw, 900px\" \/><\/figure><figure><img loading=\"lazy\" decoding=\"async\" width=\"900\" height=\"600\" class=\"wp-image-164619\" src=\"https:\/\/ma-me.pl\/wp-content\/uploads\/2019\/05\/Dolina_Cedronu_wesele_slub_5-1.jpg\" alt=\"DOlina Cedronu\" data-id=\"164619\" data-link=\"https:\/\/ma-me.pl\/fotografia-slubna-krakow\/agnieszka-i-daniel-slub-i-wesele-w-dolinie-cedronu\/attachment\/dolina_cedronu_wesele_slub_5-2\/\" title=\"\" srcset=\"https:\/\/ma-me.pl\/wp-content\/uploads\/2019\/05\/Dolina_Cedronu_wesele_slub_5-1.jpg 900w, https:\/\/ma-me.pl\/wp-content\/uploads\/2019\/05\/Dolina_Cedronu_wesele_slub_5-1-300x200.jpg?_mod=1595017850 300w, https:\/\/ma-me.pl\/wp-content\/uploads\/2019\/05\/Dolina_Cedronu_wesele_slub_5-1-768x512.jpg?_mod=1595017850 768w, https:\/\/ma-me.pl\/wp-content\/uploads\/2019\/05\/Dolina_Cedronu_wesele_slub_5-1-50x33.jpg?_mod=1595017850 50w\" sizes=\"(max-width: 900px) 100vw, 900px\" \/><\/figure><figure><img loading=\"lazy\" decoding=\"async\" width=\"900\" height=\"600\" class=\"wp-image-164620\" src=\"https:\/\/ma-me.pl\/wp-content\/uploads\/2019\/05\/Dolina_Cedronu_wesele_slub_6-1.jpg\" alt=\"\" data-id=\"164620\" data-link=\"https:\/\/ma-me.pl\/fotografia-slubna-krakow\/agnieszka-i-daniel-slub-i-wesele-w-dolinie-cedronu\/attachment\/dolina_cedronu_wesele_slub_6-2\/\" title=\"\" srcset=\"https:\/\/ma-me.pl\/wp-content\/uploads\/2019\/05\/Dolina_Cedronu_wesele_slub_6-1.jpg 900w, https:\/\/ma-me.pl\/wp-content\/uploads\/2019\/05\/Dolina_Cedronu_wesele_slub_6-1-300x200.jpg?_mod=1595017856 300w, https:\/\/ma-me.pl\/wp-content\/uploads\/2019\/05\/Dolina_Cedronu_wesele_slub_6-1-768x512.jpg?_mod=1595017856 768w, https:\/\/ma-me.pl\/wp-content\/uploads\/2019\/05\/Dolina_Cedronu_wesele_slub_6-1-50x33.jpg?_mod=1595017856 50w\" sizes=\"(max-width: 900px) 100vw, 900px\" \/><\/figure><figure><img loading=\"lazy\" decoding=\"async\" width=\"900\" height=\"600\" class=\"wp-image-164621\" src=\"https:\/\/ma-me.pl\/wp-content\/uploads\/2019\/05\/Dolina_Cedronu_wesele_slub_7-1.jpg\" alt=\"wesele Dolina Cedronu\" data-id=\"164621\" data-link=\"https:\/\/ma-me.pl\/fotografia-slubna-krakow\/agnieszka-i-daniel-slub-i-wesele-w-dolinie-cedronu\/attachment\/dolina_cedronu_wesele_slub_7-2\/\" title=\"\" srcset=\"https:\/\/ma-me.pl\/wp-content\/uploads\/2019\/05\/Dolina_Cedronu_wesele_slub_7-1.jpg 900w, https:\/\/ma-me.pl\/wp-content\/uploads\/2019\/05\/Dolina_Cedronu_wesele_slub_7-1-300x200.jpg?_mod=1595017866 300w, https:\/\/ma-me.pl\/wp-content\/uploads\/2019\/05\/Dolina_Cedronu_wesele_slub_7-1-768x512.jpg?_mod=1595017866 768w, https:\/\/ma-me.pl\/wp-content\/uploads\/2019\/05\/Dolina_Cedronu_wesele_slub_7-1-50x33.jpg?_mod=1595017866 50w\" sizes=\"(max-width: 900px) 100vw, 900px\" \/><\/figure><figure><img loading=\"lazy\" decoding=\"async\" width=\"900\" height=\"672\" class=\"wp-image-164622\" src=\"https:\/\/ma-me.pl\/wp-content\/uploads\/2019\/05\/Dolina_Cedronu_wesele_slub_8-1.jpg\" alt=\"Wesele Osada Le\u0144cze\" data-id=\"164622\" data-link=\"https:\/\/ma-me.pl\/fotografia-slubna-krakow\/agnieszka-i-daniel-slub-i-wesele-w-dolinie-cedronu\/attachment\/dolina_cedronu_wesele_slub_8-2\/\" title=\"\" srcset=\"https:\/\/ma-me.pl\/wp-content\/uploads\/2019\/05\/Dolina_Cedronu_wesele_slub_8-1.jpg 900w, https:\/\/ma-me.pl\/wp-content\/uploads\/2019\/05\/Dolina_Cedronu_wesele_slub_8-1-300x224.jpg?_mod=1595017872 300w, https:\/\/ma-me.pl\/wp-content\/uploads\/2019\/05\/Dolina_Cedronu_wesele_slub_8-1-768x573.jpg?_mod=1595017872 768w, https:\/\/ma-me.pl\/wp-content\/uploads\/2019\/05\/Dolina_Cedronu_wesele_slub_8-1-50x37.jpg?_mod=1595017872 50w\" sizes=\"(max-width: 900px) 100vw, 900px\" \/><\/figure><figure><img loading=\"lazy\" decoding=\"async\" width=\"900\" height=\"600\" class=\"wp-image-164623\" src=\"https:\/\/ma-me.pl\/wp-content\/uploads\/2019\/05\/Dolina_Cedronu_wesele_slub_9-1.jpg\" alt=\"Osada Le\u0144cze z lotu ptaka\" data-id=\"164623\" data-link=\"https:\/\/ma-me.pl\/fotografia-slubna-krakow\/agnieszka-i-daniel-slub-i-wesele-w-dolinie-cedronu\/attachment\/dolina_cedronu_wesele_slub_9-2\/\" title=\"\" srcset=\"https:\/\/ma-me.pl\/wp-content\/uploads\/2019\/05\/Dolina_Cedronu_wesele_slub_9-1.jpg 900w, https:\/\/ma-me.pl\/wp-content\/uploads\/2019\/05\/Dolina_Cedronu_wesele_slub_9-1-300x200.jpg?_mod=1595017878 300w, https:\/\/ma-me.pl\/wp-content\/uploads\/2019\/05\/Dolina_Cedronu_wesele_slub_9-1-768x512.jpg?_mod=1595017878 768w, https:\/\/ma-me.pl\/wp-content\/uploads\/2019\/05\/Dolina_Cedronu_wesele_slub_9-1-50x33.jpg?_mod=1595017878 50w\" sizes=\"(max-width: 900px) 100vw, 900px\" \/><\/figure><figure><img loading=\"lazy\" decoding=\"async\" width=\"900\" height=\"672\" class=\"wp-image-164624\" src=\"https:\/\/ma-me.pl\/wp-content\/uploads\/2019\/05\/Dolina_Cedronu_wesele_slub_10-1.jpg\" alt=\"\" data-id=\"164624\" data-link=\"https:\/\/ma-me.pl\/fotografia-slubna-krakow\/agnieszka-i-daniel-slub-i-wesele-w-dolinie-cedronu\/attachment\/dolina_cedronu_wesele_slub_10-2\/\" title=\"\" srcset=\"https:\/\/ma-me.pl\/wp-content\/uploads\/2019\/05\/Dolina_Cedronu_wesele_slub_10-1.jpg 900w, https:\/\/ma-me.pl\/wp-content\/uploads\/2019\/05\/Dolina_Cedronu_wesele_slub_10-1-300x224.jpg?_mod=1595017784 300w, https:\/\/ma-me.pl\/wp-content\/uploads\/2019\/05\/Dolina_Cedronu_wesele_slub_10-1-768x573.jpg?_mod=1595017784 768w, https:\/\/ma-me.pl\/wp-content\/uploads\/2019\/05\/Dolina_Cedronu_wesele_slub_10-1-50x37.jpg?_mod=1595017784 50w\" sizes=\"(max-width: 900px) 100vw, 900px\" \/><\/figure><figure><img loading=\"lazy\" decoding=\"async\" width=\"900\" height=\"600\" class=\"wp-image-164625\" src=\"https:\/\/ma-me.pl\/wp-content\/uploads\/2019\/05\/Dolina_Cedronu_wesele_slub_11-1.jpg\" alt=\"przygotowania Dolina Cedronu\" data-id=\"164625\" data-link=\"https:\/\/ma-me.pl\/fotografia-slubna-krakow\/agnieszka-i-daniel-slub-i-wesele-w-dolinie-cedronu\/attachment\/dolina_cedronu_wesele_slub_11-2\/\" title=\"\" srcset=\"https:\/\/ma-me.pl\/wp-content\/uploads\/2019\/05\/Dolina_Cedronu_wesele_slub_11-1.jpg 900w, https:\/\/ma-me.pl\/wp-content\/uploads\/2019\/05\/Dolina_Cedronu_wesele_slub_11-1-300x200.jpg?_mod=1595017786 300w, https:\/\/ma-me.pl\/wp-content\/uploads\/2019\/05\/Dolina_Cedronu_wesele_slub_11-1-768x512.jpg?_mod=1595017786 768w, https:\/\/ma-me.pl\/wp-content\/uploads\/2019\/05\/Dolina_Cedronu_wesele_slub_11-1-50x33.jpg?_mod=1595017786 50w\" sizes=\"(max-width: 900px) 100vw, 900px\" \/><\/figure><figure><img loading=\"lazy\" decoding=\"async\" width=\"900\" height=\"600\" class=\"wp-image-164626\" src=\"https:\/\/ma-me.pl\/wp-content\/uploads\/2019\/05\/Dolina_Cedronu_wesele_slub_12-1.jpg\" alt=\"\" data-id=\"164626\" data-link=\"https:\/\/ma-me.pl\/fotografia-slubna-krakow\/agnieszka-i-daniel-slub-i-wesele-w-dolinie-cedronu\/attachment\/dolina_cedronu_wesele_slub_12-2\/\" title=\"\" srcset=\"https:\/\/ma-me.pl\/wp-content\/uploads\/2019\/05\/Dolina_Cedronu_wesele_slub_12-1.jpg 900w, https:\/\/ma-me.pl\/wp-content\/uploads\/2019\/05\/Dolina_Cedronu_wesele_slub_12-1-300x200.jpg?_mod=1595017792 300w, https:\/\/ma-me.pl\/wp-content\/uploads\/2019\/05\/Dolina_Cedronu_wesele_slub_12-1-768x512.jpg?_mod=1595017792 768w, https:\/\/ma-me.pl\/wp-content\/uploads\/2019\/05\/Dolina_Cedronu_wesele_slub_12-1-50x33.jpg?_mod=1595017792 50w\" sizes=\"(max-width: 900px) 100vw, 900px\" \/><\/figure><figure><img loading=\"lazy\" decoding=\"async\" width=\"900\" height=\"600\" class=\"wp-image-164627\" src=\"https:\/\/ma-me.pl\/wp-content\/uploads\/2019\/05\/Dolina_Cedronu_wesele_slub_13-1.jpg\" alt=\"\" data-id=\"164627\" data-link=\"https:\/\/ma-me.pl\/fotografia-slubna-krakow\/agnieszka-i-daniel-slub-i-wesele-w-dolinie-cedronu\/attachment\/dolina_cedronu_wesele_slub_13-2\/\" title=\"\" srcset=\"https:\/\/ma-me.pl\/wp-content\/uploads\/2019\/05\/Dolina_Cedronu_wesele_slub_13-1.jpg 900w, https:\/\/ma-me.pl\/wp-content\/uploads\/2019\/05\/Dolina_Cedronu_wesele_slub_13-1-300x200.jpg?_mod=1595017794 300w, https:\/\/ma-me.pl\/wp-content\/uploads\/2019\/05\/Dolina_Cedronu_wesele_slub_13-1-768x512.jpg?_mod=1595017796 768w, https:\/\/ma-me.pl\/wp-content\/uploads\/2019\/05\/Dolina_Cedronu_wesele_slub_13-1-50x33.jpg?_mod=1595017794 50w\" sizes=\"(max-width: 900px) 100vw, 900px\" \/><\/figure><figure><img loading=\"lazy\" decoding=\"async\" width=\"900\" height=\"600\" class=\"wp-image-164628\" src=\"https:\/\/ma-me.pl\/wp-content\/uploads\/2019\/05\/Dolina_Cedronu_wesele_slub_14-1.jpg\" alt=\"\" data-id=\"164628\" data-link=\"https:\/\/ma-me.pl\/fotografia-slubna-krakow\/agnieszka-i-daniel-slub-i-wesele-w-dolinie-cedronu\/attachment\/dolina_cedronu_wesele_slub_14-2\/\" title=\"\" srcset=\"https:\/\/ma-me.pl\/wp-content\/uploads\/2019\/05\/Dolina_Cedronu_wesele_slub_14-1.jpg 900w, https:\/\/ma-me.pl\/wp-content\/uploads\/2019\/05\/Dolina_Cedronu_wesele_slub_14-1-300x200.jpg?_mod=1595017800 300w, https:\/\/ma-me.pl\/wp-content\/uploads\/2019\/05\/Dolina_Cedronu_wesele_slub_14-1-768x512.jpg?_mod=1595017800 768w, https:\/\/ma-me.pl\/wp-content\/uploads\/2019\/05\/Dolina_Cedronu_wesele_slub_14-1-50x33.jpg?_mod=1595017800 50w\" sizes=\"(max-width: 900px) 100vw, 900px\" \/><\/figure><figure><img loading=\"lazy\" decoding=\"async\" width=\"900\" height=\"600\" class=\"wp-image-164629\" src=\"https:\/\/ma-me.pl\/wp-content\/uploads\/2019\/05\/Dolina_Cedronu_wesele_slub_15-1.jpg\" alt=\"\" data-id=\"164629\" data-link=\"https:\/\/ma-me.pl\/fotografia-slubna-krakow\/agnieszka-i-daniel-slub-i-wesele-w-dolinie-cedronu\/attachment\/dolina_cedronu_wesele_slub_15-2\/\" title=\"\" srcset=\"https:\/\/ma-me.pl\/wp-content\/uploads\/2019\/05\/Dolina_Cedronu_wesele_slub_15-1.jpg 900w, https:\/\/ma-me.pl\/wp-content\/uploads\/2019\/05\/Dolina_Cedronu_wesele_slub_15-1-300x200.jpg?_mod=1595017800 300w, https:\/\/ma-me.pl\/wp-content\/uploads\/2019\/05\/Dolina_Cedronu_wesele_slub_15-1-768x512.jpg?_mod=1595017800 768w, https:\/\/ma-me.pl\/wp-content\/uploads\/2019\/05\/Dolina_Cedronu_wesele_slub_15-1-50x33.jpg?_mod=1595017800 50w\" sizes=\"(max-width: 900px) 100vw, 900px\" \/><\/figure><figure><img loading=\"lazy\" decoding=\"async\" width=\"900\" height=\"600\" class=\"wp-image-164630\" src=\"https:\/\/ma-me.pl\/wp-content\/uploads\/2019\/05\/Dolina_Cedronu_wesele_slub_16-1.jpg\" alt=\"\" data-id=\"164630\" data-link=\"https:\/\/ma-me.pl\/fotografia-slubna-krakow\/agnieszka-i-daniel-slub-i-wesele-w-dolinie-cedronu\/attachment\/dolina_cedronu_wesele_slub_16-2\/\" title=\"\" srcset=\"https:\/\/ma-me.pl\/wp-content\/uploads\/2019\/05\/Dolina_Cedronu_wesele_slub_16-1.jpg 900w, https:\/\/ma-me.pl\/wp-content\/uploads\/2019\/05\/Dolina_Cedronu_wesele_slub_16-1-300x200.jpg?_mod=1595017806 300w, https:\/\/ma-me.pl\/wp-content\/uploads\/2019\/05\/Dolina_Cedronu_wesele_slub_16-1-768x512.jpg?_mod=1595017806 768w, https:\/\/ma-me.pl\/wp-content\/uploads\/2019\/05\/Dolina_Cedronu_wesele_slub_16-1-50x33.jpg?_mod=1595017806 50w\" sizes=\"(max-width: 900px) 100vw, 900px\" \/><\/figure><figure><img loading=\"lazy\" decoding=\"async\" width=\"900\" height=\"600\" class=\"wp-image-164631\" src=\"https:\/\/ma-me.pl\/wp-content\/uploads\/2019\/05\/Dolina_Cedronu_wesele_slub_17-1.jpg\" alt=\"\" data-id=\"164631\" data-link=\"https:\/\/ma-me.pl\/fotografia-slubna-krakow\/agnieszka-i-daniel-slub-i-wesele-w-dolinie-cedronu\/attachment\/dolina_cedronu_wesele_slub_17-2\/\" title=\"\" srcset=\"https:\/\/ma-me.pl\/wp-content\/uploads\/2019\/05\/Dolina_Cedronu_wesele_slub_17-1.jpg 900w, https:\/\/ma-me.pl\/wp-content\/uploads\/2019\/05\/Dolina_Cedronu_wesele_slub_17-1-300x200.jpg?_mod=1595017810 300w, https:\/\/ma-me.pl\/wp-content\/uploads\/2019\/05\/Dolina_Cedronu_wesele_slub_17-1-768x512.jpg?_mod=1595017812 768w, https:\/\/ma-me.pl\/wp-content\/uploads\/2019\/05\/Dolina_Cedronu_wesele_slub_17-1-50x33.jpg?_mod=1595017810 50w\" sizes=\"(max-width: 900px) 100vw, 900px\" \/><\/figure><figure><img loading=\"lazy\" decoding=\"async\" width=\"900\" height=\"600\" class=\"wp-image-164632\" src=\"https:\/\/ma-me.pl\/wp-content\/uploads\/2019\/05\/Dolina_Cedronu_wesele_slub_18-1.jpg\" alt=\"\" data-id=\"164632\" data-link=\"https:\/\/ma-me.pl\/fotografia-slubna-krakow\/agnieszka-i-daniel-slub-i-wesele-w-dolinie-cedronu\/attachment\/dolina_cedronu_wesele_slub_18-2\/\" title=\"\" srcset=\"https:\/\/ma-me.pl\/wp-content\/uploads\/2019\/05\/Dolina_Cedronu_wesele_slub_18-1.jpg 900w, https:\/\/ma-me.pl\/wp-content\/uploads\/2019\/05\/Dolina_Cedronu_wesele_slub_18-1-300x200.jpg?_mod=1595017816 300w, https:\/\/ma-me.pl\/wp-content\/uploads\/2019\/05\/Dolina_Cedronu_wesele_slub_18-1-768x512.jpg?_mod=1595017816 768w, https:\/\/ma-me.pl\/wp-content\/uploads\/2019\/05\/Dolina_Cedronu_wesele_slub_18-1-50x33.jpg?_mod=1595017816 50w\" sizes=\"(max-width: 900px) 100vw, 900px\" \/><\/figure><figure><img loading=\"lazy\" decoding=\"async\" width=\"900\" height=\"600\" class=\"wp-image-164633\" src=\"https:\/\/ma-me.pl\/wp-content\/uploads\/2019\/05\/Dolina_Cedronu_wesele_slub_19-1.jpg\" alt=\"\" data-id=\"164633\" data-link=\"https:\/\/ma-me.pl\/fotografia-slubna-krakow\/agnieszka-i-daniel-slub-i-wesele-w-dolinie-cedronu\/attachment\/dolina_cedronu_wesele_slub_19-2\/\" title=\"\" srcset=\"https:\/\/ma-me.pl\/wp-content\/uploads\/2019\/05\/Dolina_Cedronu_wesele_slub_19-1.jpg 900w, https:\/\/ma-me.pl\/wp-content\/uploads\/2019\/05\/Dolina_Cedronu_wesele_slub_19-1-300x200.jpg?_mod=1595017822 300w, https:\/\/ma-me.pl\/wp-content\/uploads\/2019\/05\/Dolina_Cedronu_wesele_slub_19-1-768x512.jpg?_mod=1595017822 768w, https:\/\/ma-me.pl\/wp-content\/uploads\/2019\/05\/Dolina_Cedronu_wesele_slub_19-1-50x33.jpg?_mod=1595017822 50w\" sizes=\"(max-width: 900px) 100vw, 900px\" \/><\/figure><figure><img loading=\"lazy\" decoding=\"async\" width=\"900\" height=\"600\" class=\"wp-image-164634\" src=\"https:\/\/ma-me.pl\/wp-content\/uploads\/2019\/05\/Dolina_Cedronu_wesele_slub_20-1.jpg\" alt=\"\" data-id=\"164634\" data-link=\"https:\/\/ma-me.pl\/fotografia-slubna-krakow\/agnieszka-i-daniel-slub-i-wesele-w-dolinie-cedronu\/attachment\/dolina_cedronu_wesele_slub_20-2\/\" title=\"\" srcset=\"https:\/\/ma-me.pl\/wp-content\/uploads\/2019\/05\/Dolina_Cedronu_wesele_slub_20-1.jpg 900w, https:\/\/ma-me.pl\/wp-content\/uploads\/2019\/05\/Dolina_Cedronu_wesele_slub_20-1-300x200.jpg?_mod=1595017828 300w, https:\/\/ma-me.pl\/wp-content\/uploads\/2019\/05\/Dolina_Cedronu_wesele_slub_20-1-768x512.jpg?_mod=1595017828 768w, https:\/\/ma-me.pl\/wp-content\/uploads\/2019\/05\/Dolina_Cedronu_wesele_slub_20-1-50x33.jpg?_mod=1595017828 50w\" sizes=\"(max-width: 900px) 100vw, 900px\" \/><\/figure><figure><img loading=\"lazy\" decoding=\"async\" width=\"900\" height=\"600\" class=\"wp-image-164635\" src=\"https:\/\/ma-me.pl\/wp-content\/uploads\/2019\/05\/Dolina_Cedronu_wesele_slub_21-1.jpg\" alt=\"\" data-id=\"164635\" data-link=\"https:\/\/ma-me.pl\/fotografia-slubna-krakow\/agnieszka-i-daniel-slub-i-wesele-w-dolinie-cedronu\/attachment\/dolina_cedronu_wesele_slub_21-2\/\" title=\"\" srcset=\"https:\/\/ma-me.pl\/wp-content\/uploads\/2019\/05\/Dolina_Cedronu_wesele_slub_21-1.jpg 900w, https:\/\/ma-me.pl\/wp-content\/uploads\/2019\/05\/Dolina_Cedronu_wesele_slub_21-1-300x200.jpg?_mod=1595017828 300w, https:\/\/ma-me.pl\/wp-content\/uploads\/2019\/05\/Dolina_Cedronu_wesele_slub_21-1-768x512.jpg?_mod=1595017828 768w, https:\/\/ma-me.pl\/wp-content\/uploads\/2019\/05\/Dolina_Cedronu_wesele_slub_21-1-50x33.jpg?_mod=1595017828 50w\" sizes=\"(max-width: 900px) 100vw, 900px\" \/><\/figure><figure><img loading=\"lazy\" decoding=\"async\" width=\"900\" height=\"672\" class=\"wp-image-164636\" src=\"https:\/\/ma-me.pl\/wp-content\/uploads\/2019\/05\/Dolina_Cedronu_wesele_slub_22-1.jpg\" alt=\"\" data-id=\"164636\" data-link=\"https:\/\/ma-me.pl\/fotografia-slubna-krakow\/agnieszka-i-daniel-slub-i-wesele-w-dolinie-cedronu\/attachment\/dolina_cedronu_wesele_slub_22-2\/\" title=\"\" srcset=\"https:\/\/ma-me.pl\/wp-content\/uploads\/2019\/05\/Dolina_Cedronu_wesele_slub_22-1.jpg 900w, https:\/\/ma-me.pl\/wp-content\/uploads\/2019\/05\/Dolina_Cedronu_wesele_slub_22-1-300x224.jpg?_mod=1595017830 300w, https:\/\/ma-me.pl\/wp-content\/uploads\/2019\/05\/Dolina_Cedronu_wesele_slub_22-1-768x573.jpg?_mod=1595017830 768w, https:\/\/ma-me.pl\/wp-content\/uploads\/2019\/05\/Dolina_Cedronu_wesele_slub_22-1-50x37.jpg?_mod=1595017830 50w\" sizes=\"(max-width: 900px) 100vw, 900px\" \/><\/figure><figure><img loading=\"lazy\" decoding=\"async\" width=\"900\" height=\"600\" class=\"wp-image-164637\" src=\"https:\/\/ma-me.pl\/wp-content\/uploads\/2019\/05\/Dolina_Cedronu_wesele_slub_23-1.jpg\" alt=\"Dolina Cedronu Sesja \u015blubna\" data-id=\"164637\" data-link=\"https:\/\/ma-me.pl\/fotografia-slubna-krakow\/agnieszka-i-daniel-slub-i-wesele-w-dolinie-cedronu\/attachment\/dolina_cedronu_wesele_slub_23-2\/\" title=\"\" srcset=\"https:\/\/ma-me.pl\/wp-content\/uploads\/2019\/05\/Dolina_Cedronu_wesele_slub_23-1.jpg 900w, https:\/\/ma-me.pl\/wp-content\/uploads\/2019\/05\/Dolina_Cedronu_wesele_slub_23-1-300x200.jpg?_mod=1595017830 300w, https:\/\/ma-me.pl\/wp-content\/uploads\/2019\/05\/Dolina_Cedronu_wesele_slub_23-1-768x512.jpg?_mod=1595017830 768w, https:\/\/ma-me.pl\/wp-content\/uploads\/2019\/05\/Dolina_Cedronu_wesele_slub_23-1-50x33.jpg?_mod=1595017830 50w\" sizes=\"(max-width: 900px) 100vw, 900px\" \/><\/figure><figure><img loading=\"lazy\" decoding=\"async\" class=\"alignnone wp-image-164638\" src=\"https:\/\/ma-me.pl\/wp-content\/uploads\/2019\/05\/Dolina_Cedronu_wesele_slub_24-1.jpg\" alt=\"\u015alub i wesele Oaza Le\u0144cze | fotograf \u015blubny\" width=\"900\" height=\"600\" data-id=\"164638\" data-link=\"https:\/\/ma-me.pl\/fotografia-slubna-krakow\/agnieszka-i-daniel-slub-i-wesele-w-dolinie-cedronu\/attachment\/dolina_cedronu_wesele_slub_24-2\/\" title=\"\" srcset=\"https:\/\/ma-me.pl\/wp-content\/uploads\/2019\/05\/Dolina_Cedronu_wesele_slub_24-1.jpg 900w, https:\/\/ma-me.pl\/wp-content\/uploads\/2019\/05\/Dolina_Cedronu_wesele_slub_24-1-300x200.jpg?_mod=1595017830 300w, https:\/\/ma-me.pl\/wp-content\/uploads\/2019\/05\/Dolina_Cedronu_wesele_slub_24-1-768x512.jpg?_mod=1595017830 768w, https:\/\/ma-me.pl\/wp-content\/uploads\/2019\/05\/Dolina_Cedronu_wesele_slub_24-1-50x33.jpg?_mod=1595017830 50w\" sizes=\"(max-width: 900px) 100vw, 900px\" \/><\/figure><figure><img loading=\"lazy\" decoding=\"async\" width=\"900\" height=\"600\" class=\"wp-image-164639\" src=\"https:\/\/ma-me.pl\/wp-content\/uploads\/2019\/05\/Dolina_Cedronu_wesele_slub_25-1.jpg\" alt=\"\" data-id=\"164639\" data-link=\"https:\/\/ma-me.pl\/fotografia-slubna-krakow\/agnieszka-i-daniel-slub-i-wesele-w-dolinie-cedronu\/attachment\/dolina_cedronu_wesele_slub_25-2\/\" title=\"\" srcset=\"https:\/\/ma-me.pl\/wp-content\/uploads\/2019\/05\/Dolina_Cedronu_wesele_slub_25-1.jpg 900w, https:\/\/ma-me.pl\/wp-content\/uploads\/2019\/05\/Dolina_Cedronu_wesele_slub_25-1-300x200.jpg?_mod=1595017832 300w, https:\/\/ma-me.pl\/wp-content\/uploads\/2019\/05\/Dolina_Cedronu_wesele_slub_25-1-768x512.jpg?_mod=1595017832 768w, https:\/\/ma-me.pl\/wp-content\/uploads\/2019\/05\/Dolina_Cedronu_wesele_slub_25-1-50x33.jpg?_mod=1595017832 50w\" sizes=\"(max-width: 900px) 100vw, 900px\" \/><\/figure><figure><img loading=\"lazy\" decoding=\"async\" width=\"900\" height=\"600\" class=\"wp-image-164640\" src=\"https:\/\/ma-me.pl\/wp-content\/uploads\/2019\/05\/Dolina_Cedronu_wesele_slub_26-1.jpg\" alt=\"\" data-id=\"164640\" data-link=\"https:\/\/ma-me.pl\/fotografia-slubna-krakow\/agnieszka-i-daniel-slub-i-wesele-w-dolinie-cedronu\/attachment\/dolina_cedronu_wesele_slub_26-2\/\" title=\"\" srcset=\"https:\/\/ma-me.pl\/wp-content\/uploads\/2019\/05\/Dolina_Cedronu_wesele_slub_26-1.jpg 900w, https:\/\/ma-me.pl\/wp-content\/uploads\/2019\/05\/Dolina_Cedronu_wesele_slub_26-1-300x200.jpg?_mod=1595017832 300w, https:\/\/ma-me.pl\/wp-content\/uploads\/2019\/05\/Dolina_Cedronu_wesele_slub_26-1-768x512.jpg?_mod=1595017832 768w, https:\/\/ma-me.pl\/wp-content\/uploads\/2019\/05\/Dolina_Cedronu_wesele_slub_26-1-50x33.jpg?_mod=1595017832 50w\" sizes=\"(max-width: 900px) 100vw, 900px\" \/><\/figure><figure><img loading=\"lazy\" decoding=\"async\" width=\"900\" height=\"600\" class=\"wp-image-164641\" src=\"https:\/\/ma-me.pl\/wp-content\/uploads\/2019\/05\/Dolina_Cedronu_wesele_slub_27-1.jpg\" alt=\"\" data-id=\"164641\" data-link=\"https:\/\/ma-me.pl\/fotografia-slubna-krakow\/agnieszka-i-daniel-slub-i-wesele-w-dolinie-cedronu\/attachment\/dolina_cedronu_wesele_slub_27-2\/\" title=\"\" srcset=\"https:\/\/ma-me.pl\/wp-content\/uploads\/2019\/05\/Dolina_Cedronu_wesele_slub_27-1.jpg 900w, https:\/\/ma-me.pl\/wp-content\/uploads\/2019\/05\/Dolina_Cedronu_wesele_slub_27-1-300x200.jpg?_mod=1595017834 300w, https:\/\/ma-me.pl\/wp-content\/uploads\/2019\/05\/Dolina_Cedronu_wesele_slub_27-1-768x512.jpg?_mod=1595017834 768w, https:\/\/ma-me.pl\/wp-content\/uploads\/2019\/05\/Dolina_Cedronu_wesele_slub_27-1-50x33.jpg?_mod=1595017834 50w\" sizes=\"(max-width: 900px) 100vw, 900px\" \/><\/figure><figure><img loading=\"lazy\" decoding=\"async\" width=\"900\" height=\"600\" class=\"wp-image-164642\" src=\"https:\/\/ma-me.pl\/wp-content\/uploads\/2019\/05\/Dolina_Cedronu_wesele_slub_28-1.jpg\" alt=\"\" data-id=\"164642\" data-link=\"https:\/\/ma-me.pl\/fotografia-slubna-krakow\/agnieszka-i-daniel-slub-i-wesele-w-dolinie-cedronu\/attachment\/dolina_cedronu_wesele_slub_28-2\/\" title=\"\" srcset=\"https:\/\/ma-me.pl\/wp-content\/uploads\/2019\/05\/Dolina_Cedronu_wesele_slub_28-1.jpg 900w, https:\/\/ma-me.pl\/wp-content\/uploads\/2019\/05\/Dolina_Cedronu_wesele_slub_28-1-300x200.jpg?_mod=1595017834 300w, https:\/\/ma-me.pl\/wp-content\/uploads\/2019\/05\/Dolina_Cedronu_wesele_slub_28-1-768x512.jpg?_mod=1595017834 768w, https:\/\/ma-me.pl\/wp-content\/uploads\/2019\/05\/Dolina_Cedronu_wesele_slub_28-1-50x33.jpg?_mod=1595017834 50w\" sizes=\"(max-width: 900px) 100vw, 900px\" \/><\/figure><figure><img loading=\"lazy\" decoding=\"async\" class=\"alignnone wp-image-164643\" src=\"https:\/\/ma-me.pl\/wp-content\/uploads\/2019\/05\/Dolina_Cedronu_wesele_slub_29-1.jpg\" alt=\"\u015alub i wesele Oaza Le\u0144cze | fotograf \u015blubny \u015blub cywilny Dolina Cedronu \" width=\"900\" height=\"600\" data-id=\"164643\" data-link=\"https:\/\/ma-me.pl\/fotografia-slubna-krakow\/agnieszka-i-daniel-slub-i-wesele-w-dolinie-cedronu\/attachment\/dolina_cedronu_wesele_slub_29-2\/\" title=\"\" srcset=\"https:\/\/ma-me.pl\/wp-content\/uploads\/2019\/05\/Dolina_Cedronu_wesele_slub_29-1.jpg 900w, https:\/\/ma-me.pl\/wp-content\/uploads\/2019\/05\/Dolina_Cedronu_wesele_slub_29-1-300x200.jpg?_mod=1595017836 300w, https:\/\/ma-me.pl\/wp-content\/uploads\/2019\/05\/Dolina_Cedronu_wesele_slub_29-1-768x512.jpg?_mod=1595017836 768w, https:\/\/ma-me.pl\/wp-content\/uploads\/2019\/05\/Dolina_Cedronu_wesele_slub_29-1-50x33.jpg?_mod=1595017836 50w\" sizes=\"(max-width: 900px) 100vw, 900px\" \/><\/figure><figure><img loading=\"lazy\" decoding=\"async\" width=\"900\" height=\"600\" class=\"wp-image-164644\" src=\"https:\/\/ma-me.pl\/wp-content\/uploads\/2019\/05\/Dolina_Cedronu_wesele_slub_30-1.jpg\" alt=\"\" data-id=\"164644\" data-link=\"https:\/\/ma-me.pl\/fotografia-slubna-krakow\/agnieszka-i-daniel-slub-i-wesele-w-dolinie-cedronu\/attachment\/dolina_cedronu_wesele_slub_30-2\/\" title=\"\" srcset=\"https:\/\/ma-me.pl\/wp-content\/uploads\/2019\/05\/Dolina_Cedronu_wesele_slub_30-1.jpg 900w, https:\/\/ma-me.pl\/wp-content\/uploads\/2019\/05\/Dolina_Cedronu_wesele_slub_30-1-300x200.jpg?_mod=1595017838 300w, https:\/\/ma-me.pl\/wp-content\/uploads\/2019\/05\/Dolina_Cedronu_wesele_slub_30-1-768x512.jpg?_mod=1595017838 768w, https:\/\/ma-me.pl\/wp-content\/uploads\/2019\/05\/Dolina_Cedronu_wesele_slub_30-1-50x33.jpg?_mod=1595017838 50w\" sizes=\"(max-width: 900px) 100vw, 900px\" \/><\/figure><figure><img loading=\"lazy\" decoding=\"async\" width=\"900\" height=\"600\" class=\"wp-image-164645\" src=\"https:\/\/ma-me.pl\/wp-content\/uploads\/2019\/05\/Dolina_Cedronu_wesele_slub_31-1.jpg\" alt=\"\" data-id=\"164645\" data-link=\"https:\/\/ma-me.pl\/fotografia-slubna-krakow\/agnieszka-i-daniel-slub-i-wesele-w-dolinie-cedronu\/attachment\/dolina_cedronu_wesele_slub_31-2\/\" title=\"\" srcset=\"https:\/\/ma-me.pl\/wp-content\/uploads\/2019\/05\/Dolina_Cedronu_wesele_slub_31-1.jpg 900w, https:\/\/ma-me.pl\/wp-content\/uploads\/2019\/05\/Dolina_Cedronu_wesele_slub_31-1-300x200.jpg?_mod=1595017838 300w, https:\/\/ma-me.pl\/wp-content\/uploads\/2019\/05\/Dolina_Cedronu_wesele_slub_31-1-768x512.jpg?_mod=1595017838 768w, https:\/\/ma-me.pl\/wp-content\/uploads\/2019\/05\/Dolina_Cedronu_wesele_slub_31-1-50x33.jpg?_mod=1595017838 50w\" sizes=\"(max-width: 900px) 100vw, 900px\" \/><\/figure><figure><img loading=\"lazy\" decoding=\"async\" width=\"900\" height=\"600\" class=\"wp-image-164646\" src=\"https:\/\/ma-me.pl\/wp-content\/uploads\/2019\/05\/Dolina_Cedronu_wesele_slub_32-1.jpg\" alt=\"\" data-id=\"164646\" data-link=\"https:\/\/ma-me.pl\/fotografia-slubna-krakow\/agnieszka-i-daniel-slub-i-wesele-w-dolinie-cedronu\/attachment\/dolina_cedronu_wesele_slub_32-2\/\" title=\"\" srcset=\"https:\/\/ma-me.pl\/wp-content\/uploads\/2019\/05\/Dolina_Cedronu_wesele_slub_32-1.jpg 900w, https:\/\/ma-me.pl\/wp-content\/uploads\/2019\/05\/Dolina_Cedronu_wesele_slub_32-1-300x200.jpg?_mod=1595017838 300w, https:\/\/ma-me.pl\/wp-content\/uploads\/2019\/05\/Dolina_Cedronu_wesele_slub_32-1-768x512.jpg?_mod=1595017838 768w, https:\/\/ma-me.pl\/wp-content\/uploads\/2019\/05\/Dolina_Cedronu_wesele_slub_32-1-50x33.jpg?_mod=1595017838 50w\" sizes=\"(max-width: 900px) 100vw, 900px\" \/><\/figure><figure><img loading=\"lazy\" decoding=\"async\" class=\"alignnone wp-image-164647\" src=\"https:\/\/ma-me.pl\/wp-content\/uploads\/2019\/05\/Dolina_Cedronu_wesele_slub_33-1.jpg\" alt=\"\u015alub i wesele Oaza Le\u0144cze | fotograf \u015blubny\" width=\"900\" height=\"600\" data-id=\"164647\" data-link=\"https:\/\/ma-me.pl\/fotografia-slubna-krakow\/agnieszka-i-daniel-slub-i-wesele-w-dolinie-cedronu\/attachment\/dolina_cedronu_wesele_slub_33-2\/\" title=\"\" srcset=\"https:\/\/ma-me.pl\/wp-content\/uploads\/2019\/05\/Dolina_Cedronu_wesele_slub_33-1.jpg 900w, https:\/\/ma-me.pl\/wp-content\/uploads\/2019\/05\/Dolina_Cedronu_wesele_slub_33-1-300x200.jpg?_mod=1595017838 300w, https:\/\/ma-me.pl\/wp-content\/uploads\/2019\/05\/Dolina_Cedronu_wesele_slub_33-1-768x512.jpg?_mod=1595017838 768w, https:\/\/ma-me.pl\/wp-content\/uploads\/2019\/05\/Dolina_Cedronu_wesele_slub_33-1-50x33.jpg?_mod=1595017838 50w\" sizes=\"(max-width: 900px) 100vw, 900px\" \/><\/figure><figure><img loading=\"lazy\" decoding=\"async\" width=\"900\" height=\"600\" class=\"wp-image-164648\" src=\"https:\/\/ma-me.pl\/wp-content\/uploads\/2019\/05\/Dolina_Cedronu_wesele_slub_34-1.jpg\" alt=\"\" data-id=\"164648\" data-link=\"https:\/\/ma-me.pl\/fotografia-slubna-krakow\/agnieszka-i-daniel-slub-i-wesele-w-dolinie-cedronu\/attachment\/dolina_cedronu_wesele_slub_34-2\/\" title=\"\" srcset=\"https:\/\/ma-me.pl\/wp-content\/uploads\/2019\/05\/Dolina_Cedronu_wesele_slub_34-1.jpg 900w, https:\/\/ma-me.pl\/wp-content\/uploads\/2019\/05\/Dolina_Cedronu_wesele_slub_34-1-300x200.jpg?_mod=1595017840 300w, https:\/\/ma-me.pl\/wp-content\/uploads\/2019\/05\/Dolina_Cedronu_wesele_slub_34-1-768x512.jpg?_mod=1595017840 768w, https:\/\/ma-me.pl\/wp-content\/uploads\/2019\/05\/Dolina_Cedronu_wesele_slub_34-1-50x33.jpg?_mod=1595017840 50w\" sizes=\"(max-width: 900px) 100vw, 900px\" \/><\/figure><figure><img loading=\"lazy\" decoding=\"async\" width=\"900\" height=\"600\" class=\"wp-image-164649\" src=\"https:\/\/ma-me.pl\/wp-content\/uploads\/2019\/05\/Dolina_Cedronu_wesele_slub_35-1.jpg\" alt=\"\" data-id=\"164649\" data-link=\"https:\/\/ma-me.pl\/fotografia-slubna-krakow\/agnieszka-i-daniel-slub-i-wesele-w-dolinie-cedronu\/attachment\/dolina_cedronu_wesele_slub_35-2\/\" title=\"\" srcset=\"https:\/\/ma-me.pl\/wp-content\/uploads\/2019\/05\/Dolina_Cedronu_wesele_slub_35-1.jpg 900w, https:\/\/ma-me.pl\/wp-content\/uploads\/2019\/05\/Dolina_Cedronu_wesele_slub_35-1-300x200.jpg?_mod=1595017840 300w, https:\/\/ma-me.pl\/wp-content\/uploads\/2019\/05\/Dolina_Cedronu_wesele_slub_35-1-768x512.jpg?_mod=1595017840 768w, https:\/\/ma-me.pl\/wp-content\/uploads\/2019\/05\/Dolina_Cedronu_wesele_slub_35-1-50x33.jpg?_mod=1595017840 50w\" sizes=\"(max-width: 900px) 100vw, 900px\" \/><\/figure><figure><img loading=\"lazy\" decoding=\"async\" width=\"900\" height=\"600\" class=\"wp-image-164650\" src=\"https:\/\/ma-me.pl\/wp-content\/uploads\/2019\/05\/Dolina_Cedronu_wesele_slub_36-1.jpg\" alt=\"\" data-id=\"164650\" data-link=\"https:\/\/ma-me.pl\/fotografia-slubna-krakow\/agnieszka-i-daniel-slub-i-wesele-w-dolinie-cedronu\/attachment\/dolina_cedronu_wesele_slub_36-2\/\" title=\"\" srcset=\"https:\/\/ma-me.pl\/wp-content\/uploads\/2019\/05\/Dolina_Cedronu_wesele_slub_36-1.jpg 900w, https:\/\/ma-me.pl\/wp-content\/uploads\/2019\/05\/Dolina_Cedronu_wesele_slub_36-1-300x200.jpg?_mod=1595017840 300w, https:\/\/ma-me.pl\/wp-content\/uploads\/2019\/05\/Dolina_Cedronu_wesele_slub_36-1-768x512.jpg?_mod=1595017840 768w, https:\/\/ma-me.pl\/wp-content\/uploads\/2019\/05\/Dolina_Cedronu_wesele_slub_36-1-50x33.jpg?_mod=1595017840 50w\" sizes=\"(max-width: 900px) 100vw, 900px\" \/><\/figure><figure><img loading=\"lazy\" decoding=\"async\" class=\"alignnone wp-image-164651\" src=\"https:\/\/ma-me.pl\/wp-content\/uploads\/2019\/05\/Dolina_Cedronu_wesele_slub_37-1.jpg\" alt=\"\u015alub i wesele Oaza Le\u0144cze | fotograf \u015blubny\" width=\"900\" height=\"600\" data-id=\"164651\" data-link=\"https:\/\/ma-me.pl\/fotografia-slubna-krakow\/agnieszka-i-daniel-slub-i-wesele-w-dolinie-cedronu\/attachment\/dolina_cedronu_wesele_slub_37-2\/\" title=\"\" srcset=\"https:\/\/ma-me.pl\/wp-content\/uploads\/2019\/05\/Dolina_Cedronu_wesele_slub_37-1.jpg 900w, https:\/\/ma-me.pl\/wp-content\/uploads\/2019\/05\/Dolina_Cedronu_wesele_slub_37-1-300x200.jpg?_mod=1595017840 300w, https:\/\/ma-me.pl\/wp-content\/uploads\/2019\/05\/Dolina_Cedronu_wesele_slub_37-1-768x512.jpg?_mod=1595017840 768w, https:\/\/ma-me.pl\/wp-content\/uploads\/2019\/05\/Dolina_Cedronu_wesele_slub_37-1-50x33.jpg?_mod=1595017840 50w\" sizes=\"(max-width: 900px) 100vw, 900px\" \/><\/figure><figure><img loading=\"lazy\" decoding=\"async\" class=\"alignnone wp-image-164652\" src=\"https:\/\/ma-me.pl\/wp-content\/uploads\/2019\/05\/Dolina_Cedronu_wesele_slub_38-1.jpg\" alt=\"\u015alub i wesele Oaza Le\u0144cze | fotograf \u015blubny\" width=\"900\" height=\"600\" data-id=\"164652\" data-link=\"https:\/\/ma-me.pl\/fotografia-slubna-krakow\/agnieszka-i-daniel-slub-i-wesele-w-dolinie-cedronu\/attachment\/dolina_cedronu_wesele_slub_38-2\/\" title=\"\" srcset=\"https:\/\/ma-me.pl\/wp-content\/uploads\/2019\/05\/Dolina_Cedronu_wesele_slub_38-1.jpg 900w, https:\/\/ma-me.pl\/wp-content\/uploads\/2019\/05\/Dolina_Cedronu_wesele_slub_38-1-300x200.jpg?_mod=1595017842 300w, https:\/\/ma-me.pl\/wp-content\/uploads\/2019\/05\/Dolina_Cedronu_wesele_slub_38-1-768x512.jpg?_mod=1595017842 768w, https:\/\/ma-me.pl\/wp-content\/uploads\/2019\/05\/Dolina_Cedronu_wesele_slub_38-1-50x33.jpg?_mod=1595017842 50w\" sizes=\"(max-width: 900px) 100vw, 900px\" \/><\/figure><figure><img loading=\"lazy\" decoding=\"async\" class=\"alignnone wp-image-164653\" src=\"https:\/\/ma-me.pl\/wp-content\/uploads\/2019\/05\/Dolina_Cedronu_wesele_slub_39-1.jpg\" alt=\"\u015alub i wesele Oaza Le\u0144cze | fotograf \u015blubny\" width=\"900\" height=\"672\" data-id=\"164653\" data-link=\"https:\/\/ma-me.pl\/fotografia-slubna-krakow\/agnieszka-i-daniel-slub-i-wesele-w-dolinie-cedronu\/attachment\/dolina_cedronu_wesele_slub_39-2\/\" title=\"\" srcset=\"https:\/\/ma-me.pl\/wp-content\/uploads\/2019\/05\/Dolina_Cedronu_wesele_slub_39-1.jpg 900w, https:\/\/ma-me.pl\/wp-content\/uploads\/2019\/05\/Dolina_Cedronu_wesele_slub_39-1-300x224.jpg?_mod=1595017844 300w, https:\/\/ma-me.pl\/wp-content\/uploads\/2019\/05\/Dolina_Cedronu_wesele_slub_39-1-768x573.jpg?_mod=1595017844 768w, https:\/\/ma-me.pl\/wp-content\/uploads\/2019\/05\/Dolina_Cedronu_wesele_slub_39-1-50x37.jpg?_mod=1595017844 50w\" sizes=\"(max-width: 900px) 100vw, 900px\" \/><\/figure><figure><img loading=\"lazy\" decoding=\"async\" width=\"900\" height=\"600\" class=\"wp-image-164654\" src=\"https:\/\/ma-me.pl\/wp-content\/uploads\/2019\/05\/Dolina_Cedronu_wesele_slub_40-1.jpg\" alt=\"\" data-id=\"164654\" data-link=\"https:\/\/ma-me.pl\/fotografia-slubna-krakow\/agnieszka-i-daniel-slub-i-wesele-w-dolinie-cedronu\/attachment\/dolina_cedronu_wesele_slub_40-2\/\" title=\"\" srcset=\"https:\/\/ma-me.pl\/wp-content\/uploads\/2019\/05\/Dolina_Cedronu_wesele_slub_40-1.jpg 900w, https:\/\/ma-me.pl\/wp-content\/uploads\/2019\/05\/Dolina_Cedronu_wesele_slub_40-1-300x200.jpg?_mod=1595017846 300w, https:\/\/ma-me.pl\/wp-content\/uploads\/2019\/05\/Dolina_Cedronu_wesele_slub_40-1-768x512.jpg?_mod=1595017846 768w, https:\/\/ma-me.pl\/wp-content\/uploads\/2019\/05\/Dolina_Cedronu_wesele_slub_40-1-50x33.jpg?_mod=1595017846 50w\" sizes=\"(max-width: 900px) 100vw, 900px\" \/><\/figure><figure><img loading=\"lazy\" decoding=\"async\" width=\"900\" height=\"600\" class=\"wp-image-164655\" src=\"https:\/\/ma-me.pl\/wp-content\/uploads\/2019\/05\/Dolina_Cedronu_wesele_slub_41-1.jpg\" alt=\"\" data-id=\"164655\" data-link=\"https:\/\/ma-me.pl\/fotografia-slubna-krakow\/agnieszka-i-daniel-slub-i-wesele-w-dolinie-cedronu\/attachment\/dolina_cedronu_wesele_slub_41-2\/\" title=\"\" srcset=\"https:\/\/ma-me.pl\/wp-content\/uploads\/2019\/05\/Dolina_Cedronu_wesele_slub_41-1.jpg 900w, https:\/\/ma-me.pl\/wp-content\/uploads\/2019\/05\/Dolina_Cedronu_wesele_slub_41-1-300x200.jpg?_mod=1595017846 300w, https:\/\/ma-me.pl\/wp-content\/uploads\/2019\/05\/Dolina_Cedronu_wesele_slub_41-1-768x512.jpg?_mod=1595017846 768w, https:\/\/ma-me.pl\/wp-content\/uploads\/2019\/05\/Dolina_Cedronu_wesele_slub_41-1-50x33.jpg?_mod=1595017846 50w\" sizes=\"(max-width: 900px) 100vw, 900px\" \/><\/figure><figure><img loading=\"lazy\" decoding=\"async\" width=\"900\" height=\"600\" class=\"wp-image-164656\" src=\"https:\/\/ma-me.pl\/wp-content\/uploads\/2019\/05\/Dolina_Cedronu_wesele_slub_42-1.jpg\" alt=\"\" data-id=\"164656\" data-link=\"https:\/\/ma-me.pl\/fotografia-slubna-krakow\/agnieszka-i-daniel-slub-i-wesele-w-dolinie-cedronu\/attachment\/dolina_cedronu_wesele_slub_42-2\/\" title=\"\" srcset=\"https:\/\/ma-me.pl\/wp-content\/uploads\/2019\/05\/Dolina_Cedronu_wesele_slub_42-1.jpg 900w, https:\/\/ma-me.pl\/wp-content\/uploads\/2019\/05\/Dolina_Cedronu_wesele_slub_42-1-300x200.jpg?_mod=1595017846 300w, https:\/\/ma-me.pl\/wp-content\/uploads\/2019\/05\/Dolina_Cedronu_wesele_slub_42-1-768x512.jpg?_mod=1595017846 768w, https:\/\/ma-me.pl\/wp-content\/uploads\/2019\/05\/Dolina_Cedronu_wesele_slub_42-1-50x33.jpg?_mod=1595017846 50w\" sizes=\"(max-width: 900px) 100vw, 900px\" \/><\/figure><figure><img loading=\"lazy\" decoding=\"async\" width=\"900\" height=\"600\" class=\"wp-image-164657\" src=\"https:\/\/ma-me.pl\/wp-content\/uploads\/2019\/05\/Dolina_Cedronu_wesele_slub_43-1.jpg\" alt=\"\" data-id=\"164657\" data-link=\"https:\/\/ma-me.pl\/fotografia-slubna-krakow\/agnieszka-i-daniel-slub-i-wesele-w-dolinie-cedronu\/attachment\/dolina_cedronu_wesele_slub_43-2\/\" title=\"\" srcset=\"https:\/\/ma-me.pl\/wp-content\/uploads\/2019\/05\/Dolina_Cedronu_wesele_slub_43-1.jpg 900w, https:\/\/ma-me.pl\/wp-content\/uploads\/2019\/05\/Dolina_Cedronu_wesele_slub_43-1-300x200.jpg?_mod=1595017846 300w, https:\/\/ma-me.pl\/wp-content\/uploads\/2019\/05\/Dolina_Cedronu_wesele_slub_43-1-768x512.jpg?_mod=1595017846 768w, https:\/\/ma-me.pl\/wp-content\/uploads\/2019\/05\/Dolina_Cedronu_wesele_slub_43-1-50x33.jpg?_mod=1595017846 50w\" sizes=\"(max-width: 900px) 100vw, 900px\" \/><\/figure><figure><img loading=\"lazy\" decoding=\"async\" width=\"900\" height=\"600\" class=\"wp-image-164658\" src=\"https:\/\/ma-me.pl\/wp-content\/uploads\/2019\/05\/Dolina_Cedronu_wesele_slub_44-1.jpg\" alt=\"\" data-id=\"164658\" data-link=\"https:\/\/ma-me.pl\/fotografia-slubna-krakow\/agnieszka-i-daniel-slub-i-wesele-w-dolinie-cedronu\/attachment\/dolina_cedronu_wesele_slub_44-2\/\" title=\"\" srcset=\"https:\/\/ma-me.pl\/wp-content\/uploads\/2019\/05\/Dolina_Cedronu_wesele_slub_44-1.jpg 900w, https:\/\/ma-me.pl\/wp-content\/uploads\/2019\/05\/Dolina_Cedronu_wesele_slub_44-1-300x200.jpg?_mod=1595017848 300w, https:\/\/ma-me.pl\/wp-content\/uploads\/2019\/05\/Dolina_Cedronu_wesele_slub_44-1-768x512.jpg?_mod=1595017848 768w, https:\/\/ma-me.pl\/wp-content\/uploads\/2019\/05\/Dolina_Cedronu_wesele_slub_44-1-50x33.jpg?_mod=1595017848 50w\" sizes=\"(max-width: 900px) 100vw, 900px\" \/><\/figure><figure><img loading=\"lazy\" decoding=\"async\" width=\"900\" height=\"600\" class=\"wp-image-164659\" src=\"https:\/\/ma-me.pl\/wp-content\/uploads\/2019\/05\/Dolina_Cedronu_wesele_slub_45-1.jpg\" alt=\"\" data-id=\"164659\" data-link=\"https:\/\/ma-me.pl\/fotografia-slubna-krakow\/agnieszka-i-daniel-slub-i-wesele-w-dolinie-cedronu\/attachment\/dolina_cedronu_wesele_slub_45-2\/\" title=\"\" srcset=\"https:\/\/ma-me.pl\/wp-content\/uploads\/2019\/05\/Dolina_Cedronu_wesele_slub_45-1.jpg 900w, https:\/\/ma-me.pl\/wp-content\/uploads\/2019\/05\/Dolina_Cedronu_wesele_slub_45-1-300x200.jpg?_mod=1595017848 300w, https:\/\/ma-me.pl\/wp-content\/uploads\/2019\/05\/Dolina_Cedronu_wesele_slub_45-1-768x512.jpg?_mod=1595017848 768w, https:\/\/ma-me.pl\/wp-content\/uploads\/2019\/05\/Dolina_Cedronu_wesele_slub_45-1-50x33.jpg?_mod=1595017848 50w\" sizes=\"(max-width: 900px) 100vw, 900px\" \/><\/figure><figure><img loading=\"lazy\" decoding=\"async\" width=\"900\" height=\"600\" class=\"wp-image-164660\" src=\"https:\/\/ma-me.pl\/wp-content\/uploads\/2019\/05\/Dolina_Cedronu_wesele_slub_46-1.jpg\" alt=\"\" data-id=\"164660\" data-link=\"https:\/\/ma-me.pl\/fotografia-slubna-krakow\/agnieszka-i-daniel-slub-i-wesele-w-dolinie-cedronu\/attachment\/dolina_cedronu_wesele_slub_46-2\/\" title=\"\" srcset=\"https:\/\/ma-me.pl\/wp-content\/uploads\/2019\/05\/Dolina_Cedronu_wesele_slub_46-1.jpg 900w, https:\/\/ma-me.pl\/wp-content\/uploads\/2019\/05\/Dolina_Cedronu_wesele_slub_46-1-300x200.jpg?_mod=1595017848 300w, https:\/\/ma-me.pl\/wp-content\/uploads\/2019\/05\/Dolina_Cedronu_wesele_slub_46-1-768x512.jpg?_mod=1595017848 768w, https:\/\/ma-me.pl\/wp-content\/uploads\/2019\/05\/Dolina_Cedronu_wesele_slub_46-1-50x33.jpg?_mod=1595017848 50w\" sizes=\"(max-width: 900px) 100vw, 900px\" \/><\/figure><figure><img loading=\"lazy\" decoding=\"async\" width=\"900\" height=\"600\" class=\"wp-image-164661\" src=\"https:\/\/ma-me.pl\/wp-content\/uploads\/2019\/05\/Dolina_Cedronu_wesele_slub_47-1.jpg\" alt=\"\" data-id=\"164661\" data-link=\"https:\/\/ma-me.pl\/fotografia-slubna-krakow\/agnieszka-i-daniel-slub-i-wesele-w-dolinie-cedronu\/attachment\/dolina_cedronu_wesele_slub_47-2\/\" title=\"\" srcset=\"https:\/\/ma-me.pl\/wp-content\/uploads\/2019\/05\/Dolina_Cedronu_wesele_slub_47-1.jpg 900w, https:\/\/ma-me.pl\/wp-content\/uploads\/2019\/05\/Dolina_Cedronu_wesele_slub_47-1-300x200.jpg?_mod=1595017848 300w, https:\/\/ma-me.pl\/wp-content\/uploads\/2019\/05\/Dolina_Cedronu_wesele_slub_47-1-768x512.jpg?_mod=1595017848 768w, https:\/\/ma-me.pl\/wp-content\/uploads\/2019\/05\/Dolina_Cedronu_wesele_slub_47-1-50x33.jpg?_mod=1595017848 50w\" sizes=\"(max-width: 900px) 100vw, 900px\" \/><\/figure><figure><img loading=\"lazy\" decoding=\"async\" width=\"900\" height=\"600\" class=\"wp-image-164662\" src=\"https:\/\/ma-me.pl\/wp-content\/uploads\/2019\/05\/Dolina_Cedronu_wesele_slub_48-1.jpg\" alt=\"\" data-id=\"164662\" data-link=\"https:\/\/ma-me.pl\/fotografia-slubna-krakow\/agnieszka-i-daniel-slub-i-wesele-w-dolinie-cedronu\/attachment\/dolina_cedronu_wesele_slub_48-2\/\" title=\"\" srcset=\"https:\/\/ma-me.pl\/wp-content\/uploads\/2019\/05\/Dolina_Cedronu_wesele_slub_48-1.jpg 900w, https:\/\/ma-me.pl\/wp-content\/uploads\/2019\/05\/Dolina_Cedronu_wesele_slub_48-1-300x200.jpg?_mod=1595017848 300w, https:\/\/ma-me.pl\/wp-content\/uploads\/2019\/05\/Dolina_Cedronu_wesele_slub_48-1-768x512.jpg?_mod=1595017848 768w, https:\/\/ma-me.pl\/wp-content\/uploads\/2019\/05\/Dolina_Cedronu_wesele_slub_48-1-50x33.jpg?_mod=1595017848 50w\" sizes=\"(max-width: 900px) 100vw, 900px\" \/><\/figure><figure><img loading=\"lazy\" decoding=\"async\" width=\"900\" height=\"600\" class=\"wp-image-164663\" src=\"https:\/\/ma-me.pl\/wp-content\/uploads\/2019\/05\/Dolina_Cedronu_wesele_slub_49-1.jpg\" alt=\"\" data-id=\"164663\" data-link=\"https:\/\/ma-me.pl\/fotografia-slubna-krakow\/agnieszka-i-daniel-slub-i-wesele-w-dolinie-cedronu\/attachment\/dolina_cedronu_wesele_slub_49-2\/\" title=\"\" srcset=\"https:\/\/ma-me.pl\/wp-content\/uploads\/2019\/05\/Dolina_Cedronu_wesele_slub_49-1.jpg 900w, https:\/\/ma-me.pl\/wp-content\/uploads\/2019\/05\/Dolina_Cedronu_wesele_slub_49-1-300x200.jpg?_mod=1595017850 300w, https:\/\/ma-me.pl\/wp-content\/uploads\/2019\/05\/Dolina_Cedronu_wesele_slub_49-1-768x512.jpg?_mod=1595017850 768w, https:\/\/ma-me.pl\/wp-content\/uploads\/2019\/05\/Dolina_Cedronu_wesele_slub_49-1-50x33.jpg?_mod=1595017850 50w\" sizes=\"(max-width: 900px) 100vw, 900px\" \/><\/figure><figure><img loading=\"lazy\" decoding=\"async\" width=\"900\" height=\"600\" class=\"wp-image-164664\" src=\"https:\/\/ma-me.pl\/wp-content\/uploads\/2019\/05\/Dolina_Cedronu_wesele_slub_50-1.jpg\" alt=\"\" data-id=\"164664\" data-link=\"https:\/\/ma-me.pl\/fotografia-slubna-krakow\/agnieszka-i-daniel-slub-i-wesele-w-dolinie-cedronu\/attachment\/dolina_cedronu_wesele_slub_50-2\/\" title=\"\" srcset=\"https:\/\/ma-me.pl\/wp-content\/uploads\/2019\/05\/Dolina_Cedronu_wesele_slub_50-1.jpg 900w, https:\/\/ma-me.pl\/wp-content\/uploads\/2019\/05\/Dolina_Cedronu_wesele_slub_50-1-300x200.jpg?_mod=1595017850 300w, https:\/\/ma-me.pl\/wp-content\/uploads\/2019\/05\/Dolina_Cedronu_wesele_slub_50-1-768x512.jpg?_mod=1595017850 768w, https:\/\/ma-me.pl\/wp-content\/uploads\/2019\/05\/Dolina_Cedronu_wesele_slub_50-1-50x33.jpg?_mod=1595017850 50w\" sizes=\"(max-width: 900px) 100vw, 900px\" \/><\/figure><figure><img loading=\"lazy\" decoding=\"async\" width=\"900\" height=\"600\" class=\"wp-image-164665\" src=\"https:\/\/ma-me.pl\/wp-content\/uploads\/2019\/05\/Dolina_Cedronu_wesele_slub_51-1.jpg\" alt=\"\" data-id=\"164665\" data-link=\"https:\/\/ma-me.pl\/fotografia-slubna-krakow\/agnieszka-i-daniel-slub-i-wesele-w-dolinie-cedronu\/attachment\/dolina_cedronu_wesele_slub_51-2\/\" title=\"\" srcset=\"https:\/\/ma-me.pl\/wp-content\/uploads\/2019\/05\/Dolina_Cedronu_wesele_slub_51-1.jpg 900w, https:\/\/ma-me.pl\/wp-content\/uploads\/2019\/05\/Dolina_Cedronu_wesele_slub_51-1-300x200.jpg?_mod=1595017852 300w, https:\/\/ma-me.pl\/wp-content\/uploads\/2019\/05\/Dolina_Cedronu_wesele_slub_51-1-768x512.jpg?_mod=1595017852 768w, https:\/\/ma-me.pl\/wp-content\/uploads\/2019\/05\/Dolina_Cedronu_wesele_slub_51-1-50x33.jpg?_mod=1595017852 50w\" sizes=\"(max-width: 900px) 100vw, 900px\" \/><\/figure><figure><img loading=\"lazy\" decoding=\"async\" width=\"900\" height=\"600\" class=\"wp-image-164666\" src=\"https:\/\/ma-me.pl\/wp-content\/uploads\/2019\/05\/Dolina_Cedronu_wesele_slub_52-1.jpg\" alt=\"\" data-id=\"164666\" data-link=\"https:\/\/ma-me.pl\/fotografia-slubna-krakow\/agnieszka-i-daniel-slub-i-wesele-w-dolinie-cedronu\/attachment\/dolina_cedronu_wesele_slub_52-2\/\" title=\"\" srcset=\"https:\/\/ma-me.pl\/wp-content\/uploads\/2019\/05\/Dolina_Cedronu_wesele_slub_52-1.jpg 900w, https:\/\/ma-me.pl\/wp-content\/uploads\/2019\/05\/Dolina_Cedronu_wesele_slub_52-1-300x200.jpg?_mod=1595017852 300w, https:\/\/ma-me.pl\/wp-content\/uploads\/2019\/05\/Dolina_Cedronu_wesele_slub_52-1-768x512.jpg?_mod=1595017852 768w, https:\/\/ma-me.pl\/wp-content\/uploads\/2019\/05\/Dolina_Cedronu_wesele_slub_52-1-50x33.jpg?_mod=1595017852 50w\" sizes=\"(max-width: 900px) 100vw, 900px\" \/><\/figure><figure><img loading=\"lazy\" decoding=\"async\" width=\"900\" height=\"672\" class=\"wp-image-164667\" src=\"https:\/\/ma-me.pl\/wp-content\/uploads\/2019\/05\/Dolina_Cedronu_wesele_slub_53-1.jpg\" alt=\"\" data-id=\"164667\" data-link=\"https:\/\/ma-me.pl\/fotografia-slubna-krakow\/agnieszka-i-daniel-slub-i-wesele-w-dolinie-cedronu\/attachment\/dolina_cedronu_wesele_slub_53-2\/\" title=\"\" srcset=\"https:\/\/ma-me.pl\/wp-content\/uploads\/2019\/05\/Dolina_Cedronu_wesele_slub_53-1.jpg 900w, https:\/\/ma-me.pl\/wp-content\/uploads\/2019\/05\/Dolina_Cedronu_wesele_slub_53-1-300x224.jpg?_mod=1595017852 300w, https:\/\/ma-me.pl\/wp-content\/uploads\/2019\/05\/Dolina_Cedronu_wesele_slub_53-1-768x573.jpg?_mod=1595017852 768w, https:\/\/ma-me.pl\/wp-content\/uploads\/2019\/05\/Dolina_Cedronu_wesele_slub_53-1-50x37.jpg?_mod=1595017852 50w\" sizes=\"(max-width: 900px) 100vw, 900px\" \/><\/figure><figure><img loading=\"lazy\" decoding=\"async\" width=\"900\" height=\"600\" class=\"wp-image-164668\" src=\"https:\/\/ma-me.pl\/wp-content\/uploads\/2019\/05\/Dolina_Cedronu_wesele_slub_54-1.jpg\" alt=\"\" data-id=\"164668\" data-link=\"https:\/\/ma-me.pl\/fotografia-slubna-krakow\/agnieszka-i-daniel-slub-i-wesele-w-dolinie-cedronu\/attachment\/dolina_cedronu_wesele_slub_54-2\/\" title=\"\" srcset=\"https:\/\/ma-me.pl\/wp-content\/uploads\/2019\/05\/Dolina_Cedronu_wesele_slub_54-1.jpg 900w, https:\/\/ma-me.pl\/wp-content\/uploads\/2019\/05\/Dolina_Cedronu_wesele_slub_54-1-300x200.jpg?_mod=1595017854 300w, https:\/\/ma-me.pl\/wp-content\/uploads\/2019\/05\/Dolina_Cedronu_wesele_slub_54-1-768x512.jpg?_mod=1595017854 768w, https:\/\/ma-me.pl\/wp-content\/uploads\/2019\/05\/Dolina_Cedronu_wesele_slub_54-1-50x33.jpg?_mod=1595017854 50w\" sizes=\"(max-width: 900px) 100vw, 900px\" \/><\/figure><figure><img loading=\"lazy\" decoding=\"async\" width=\"900\" height=\"600\" class=\"wp-image-164669\" src=\"https:\/\/ma-me.pl\/wp-content\/uploads\/2019\/05\/Dolina_Cedronu_wesele_slub_55-1.jpg\" alt=\"\" data-id=\"164669\" data-link=\"https:\/\/ma-me.pl\/fotografia-slubna-krakow\/agnieszka-i-daniel-slub-i-wesele-w-dolinie-cedronu\/attachment\/dolina_cedronu_wesele_slub_55-2\/\" title=\"\" srcset=\"https:\/\/ma-me.pl\/wp-content\/uploads\/2019\/05\/Dolina_Cedronu_wesele_slub_55-1.jpg 900w, https:\/\/ma-me.pl\/wp-content\/uploads\/2019\/05\/Dolina_Cedronu_wesele_slub_55-1-300x200.jpg?_mod=1595017854 300w, https:\/\/ma-me.pl\/wp-content\/uploads\/2019\/05\/Dolina_Cedronu_wesele_slub_55-1-768x512.jpg?_mod=1595017854 768w, https:\/\/ma-me.pl\/wp-content\/uploads\/2019\/05\/Dolina_Cedronu_wesele_slub_55-1-50x33.jpg?_mod=1595017854 50w\" sizes=\"(max-width: 900px) 100vw, 900px\" \/><\/figure><figure><img loading=\"lazy\" decoding=\"async\" width=\"900\" height=\"600\" class=\"wp-image-164670\" src=\"https:\/\/ma-me.pl\/wp-content\/uploads\/2019\/05\/Dolina_Cedronu_wesele_slub_56-1.jpg\" alt=\"\" data-id=\"164670\" data-link=\"https:\/\/ma-me.pl\/fotografia-slubna-krakow\/agnieszka-i-daniel-slub-i-wesele-w-dolinie-cedronu\/attachment\/dolina_cedronu_wesele_slub_56-2\/\" title=\"\" srcset=\"https:\/\/ma-me.pl\/wp-content\/uploads\/2019\/05\/Dolina_Cedronu_wesele_slub_56-1.jpg 900w, https:\/\/ma-me.pl\/wp-content\/uploads\/2019\/05\/Dolina_Cedronu_wesele_slub_56-1-300x200.jpg?_mod=1595017854 300w, https:\/\/ma-me.pl\/wp-content\/uploads\/2019\/05\/Dolina_Cedronu_wesele_slub_56-1-768x512.jpg?_mod=1595017854 768w, https:\/\/ma-me.pl\/wp-content\/uploads\/2019\/05\/Dolina_Cedronu_wesele_slub_56-1-50x33.jpg?_mod=1595017854 50w\" sizes=\"(max-width: 900px) 100vw, 900px\" \/><\/figure><figure><img loading=\"lazy\" decoding=\"async\" width=\"900\" height=\"600\" class=\"wp-image-164671\" src=\"https:\/\/ma-me.pl\/wp-content\/uploads\/2019\/05\/Dolina_Cedronu_wesele_slub_57-1.jpg\" alt=\"\" data-id=\"164671\" data-link=\"https:\/\/ma-me.pl\/fotografia-slubna-krakow\/agnieszka-i-daniel-slub-i-wesele-w-dolinie-cedronu\/attachment\/dolina_cedronu_wesele_slub_57-2\/\" title=\"\" srcset=\"https:\/\/ma-me.pl\/wp-content\/uploads\/2019\/05\/Dolina_Cedronu_wesele_slub_57-1.jpg 900w, https:\/\/ma-me.pl\/wp-content\/uploads\/2019\/05\/Dolina_Cedronu_wesele_slub_57-1-300x200.jpg?_mod=1595017856 300w, https:\/\/ma-me.pl\/wp-content\/uploads\/2019\/05\/Dolina_Cedronu_wesele_slub_57-1-768x512.jpg?_mod=1595017856 768w, https:\/\/ma-me.pl\/wp-content\/uploads\/2019\/05\/Dolina_Cedronu_wesele_slub_57-1-50x33.jpg?_mod=1595017856 50w\" sizes=\"(max-width: 900px) 100vw, 900px\" \/><\/figure><figure><img loading=\"lazy\" decoding=\"async\" width=\"900\" height=\"600\" class=\"wp-image-164672\" src=\"https:\/\/ma-me.pl\/wp-content\/uploads\/2019\/05\/Dolina_Cedronu_wesele_slub_58-1.jpg\" alt=\"\" data-id=\"164672\" data-link=\"https:\/\/ma-me.pl\/fotografia-slubna-krakow\/agnieszka-i-daniel-slub-i-wesele-w-dolinie-cedronu\/attachment\/dolina_cedronu_wesele_slub_58-2\/\" title=\"\" srcset=\"https:\/\/ma-me.pl\/wp-content\/uploads\/2019\/05\/Dolina_Cedronu_wesele_slub_58-1.jpg 900w, https:\/\/ma-me.pl\/wp-content\/uploads\/2019\/05\/Dolina_Cedronu_wesele_slub_58-1-300x200.jpg?_mod=1595017856 300w, https:\/\/ma-me.pl\/wp-content\/uploads\/2019\/05\/Dolina_Cedronu_wesele_slub_58-1-768x512.jpg?_mod=1595017856 768w, https:\/\/ma-me.pl\/wp-content\/uploads\/2019\/05\/Dolina_Cedronu_wesele_slub_58-1-50x33.jpg?_mod=1595017856 50w\" sizes=\"(max-width: 900px) 100vw, 900px\" \/><\/figure><figure><img loading=\"lazy\" decoding=\"async\" width=\"900\" height=\"600\" class=\"wp-image-164673\" src=\"https:\/\/ma-me.pl\/wp-content\/uploads\/2019\/05\/Dolina_Cedronu_wesele_slub_59-1.jpg\" alt=\"\" data-id=\"164673\" data-link=\"https:\/\/ma-me.pl\/fotografia-slubna-krakow\/agnieszka-i-daniel-slub-i-wesele-w-dolinie-cedronu\/attachment\/dolina_cedronu_wesele_slub_59-2\/\" title=\"\" srcset=\"https:\/\/ma-me.pl\/wp-content\/uploads\/2019\/05\/Dolina_Cedronu_wesele_slub_59-1.jpg 900w, https:\/\/ma-me.pl\/wp-content\/uploads\/2019\/05\/Dolina_Cedronu_wesele_slub_59-1-300x200.jpg?_mod=1595017856 300w, https:\/\/ma-me.pl\/wp-content\/uploads\/2019\/05\/Dolina_Cedronu_wesele_slub_59-1-768x512.jpg?_mod=1595017856 768w, https:\/\/ma-me.pl\/wp-content\/uploads\/2019\/05\/Dolina_Cedronu_wesele_slub_59-1-50x33.jpg?_mod=1595017856 50w\" sizes=\"(max-width: 900px) 100vw, 900px\" \/><\/figure><figure><img loading=\"lazy\" decoding=\"async\" width=\"900\" height=\"600\" class=\"wp-image-164674\" src=\"https:\/\/ma-me.pl\/wp-content\/uploads\/2019\/05\/Dolina_Cedronu_wesele_slub_60-1.jpg\" alt=\"\" data-id=\"164674\" data-link=\"https:\/\/ma-me.pl\/fotografia-slubna-krakow\/agnieszka-i-daniel-slub-i-wesele-w-dolinie-cedronu\/attachment\/dolina_cedronu_wesele_slub_60-2\/\" title=\"\" srcset=\"https:\/\/ma-me.pl\/wp-content\/uploads\/2019\/05\/Dolina_Cedronu_wesele_slub_60-1.jpg 900w, https:\/\/ma-me.pl\/wp-content\/uploads\/2019\/05\/Dolina_Cedronu_wesele_slub_60-1-300x200.jpg?_mod=1595017858 300w, https:\/\/ma-me.pl\/wp-content\/uploads\/2019\/05\/Dolina_Cedronu_wesele_slub_60-1-768x512.jpg?_mod=1595017858 768w, https:\/\/ma-me.pl\/wp-content\/uploads\/2019\/05\/Dolina_Cedronu_wesele_slub_60-1-50x33.jpg?_mod=1595017858 50w\" sizes=\"(max-width: 900px) 100vw, 900px\" \/><\/figure><figure><img loading=\"lazy\" decoding=\"async\" width=\"900\" height=\"600\" class=\"wp-image-164676\" src=\"https:\/\/ma-me.pl\/wp-content\/uploads\/2019\/05\/Dolina_Cedronu_wesele_slub_61-1.jpg\" alt=\"\" data-id=\"164676\" data-link=\"https:\/\/ma-me.pl\/fotografia-slubna-krakow\/agnieszka-i-daniel-slub-i-wesele-w-dolinie-cedronu\/attachment\/dolina_cedronu_wesele_slub_61-2\/\" title=\"\" srcset=\"https:\/\/ma-me.pl\/wp-content\/uploads\/2019\/05\/Dolina_Cedronu_wesele_slub_61-1.jpg 900w, https:\/\/ma-me.pl\/wp-content\/uploads\/2019\/05\/Dolina_Cedronu_wesele_slub_61-1-300x200.jpg?_mod=1595017858 300w, https:\/\/ma-me.pl\/wp-content\/uploads\/2019\/05\/Dolina_Cedronu_wesele_slub_61-1-768x512.jpg?_mod=1595017858 768w, https:\/\/ma-me.pl\/wp-content\/uploads\/2019\/05\/Dolina_Cedronu_wesele_slub_61-1-50x33.jpg?_mod=1595017858 50w\" sizes=\"(max-width: 900px) 100vw, 900px\" \/><\/figure><figure><img loading=\"lazy\" decoding=\"async\" width=\"900\" height=\"600\" class=\"wp-image-164677\" src=\"https:\/\/ma-me.pl\/wp-content\/uploads\/2019\/05\/Dolina_Cedronu_wesele_slub_62-1.jpg\" alt=\"\" data-id=\"164677\" data-link=\"https:\/\/ma-me.pl\/fotografia-slubna-krakow\/agnieszka-i-daniel-slub-i-wesele-w-dolinie-cedronu\/attachment\/dolina_cedronu_wesele_slub_62-2\/\" title=\"\" srcset=\"https:\/\/ma-me.pl\/wp-content\/uploads\/2019\/05\/Dolina_Cedronu_wesele_slub_62-1.jpg 900w, https:\/\/ma-me.pl\/wp-content\/uploads\/2019\/05\/Dolina_Cedronu_wesele_slub_62-1-300x200.jpg?_mod=1595017858 300w, https:\/\/ma-me.pl\/wp-content\/uploads\/2019\/05\/Dolina_Cedronu_wesele_slub_62-1-768x512.jpg?_mod=1595017860 768w, https:\/\/ma-me.pl\/wp-content\/uploads\/2019\/05\/Dolina_Cedronu_wesele_slub_62-1-50x33.jpg?_mod=1595017858 50w\" sizes=\"(max-width: 900px) 100vw, 900px\" \/><\/figure><figure><img loading=\"lazy\" decoding=\"async\" width=\"900\" height=\"672\" class=\"wp-image-164678\" src=\"https:\/\/ma-me.pl\/wp-content\/uploads\/2019\/05\/Dolina_Cedronu_wesele_slub_63-1.jpg\" alt=\"portret Panny M\u0142odej Dolina Cedronu\" data-id=\"164678\" data-link=\"https:\/\/ma-me.pl\/fotografia-slubna-krakow\/agnieszka-i-daniel-slub-i-wesele-w-dolinie-cedronu\/attachment\/dolina_cedronu_wesele_slub_63-2\/\" title=\"\" srcset=\"https:\/\/ma-me.pl\/wp-content\/uploads\/2019\/05\/Dolina_Cedronu_wesele_slub_63-1.jpg 900w, https:\/\/ma-me.pl\/wp-content\/uploads\/2019\/05\/Dolina_Cedronu_wesele_slub_63-1-300x224.jpg?_mod=1595017860 300w, https:\/\/ma-me.pl\/wp-content\/uploads\/2019\/05\/Dolina_Cedronu_wesele_slub_63-1-768x573.jpg?_mod=1595017860 768w, https:\/\/ma-me.pl\/wp-content\/uploads\/2019\/05\/Dolina_Cedronu_wesele_slub_63-1-50x37.jpg?_mod=1595017860 50w\" sizes=\"(max-width: 900px) 100vw, 900px\" \/><\/figure><figure><img loading=\"lazy\" decoding=\"async\" width=\"900\" height=\"600\" class=\"wp-image-164679\" src=\"https:\/\/ma-me.pl\/wp-content\/uploads\/2019\/05\/Dolina_Cedronu_wesele_slub_64-1.jpg\" alt=\"\" data-id=\"164679\" data-link=\"https:\/\/ma-me.pl\/fotografia-slubna-krakow\/agnieszka-i-daniel-slub-i-wesele-w-dolinie-cedronu\/attachment\/dolina_cedronu_wesele_slub_64-2\/\" title=\"\" srcset=\"https:\/\/ma-me.pl\/wp-content\/uploads\/2019\/05\/Dolina_Cedronu_wesele_slub_64-1.jpg 900w, https:\/\/ma-me.pl\/wp-content\/uploads\/2019\/05\/Dolina_Cedronu_wesele_slub_64-1-300x200.jpg?_mod=1595017860 300w, https:\/\/ma-me.pl\/wp-content\/uploads\/2019\/05\/Dolina_Cedronu_wesele_slub_64-1-768x512.jpg?_mod=1595017860 768w, https:\/\/ma-me.pl\/wp-content\/uploads\/2019\/05\/Dolina_Cedronu_wesele_slub_64-1-50x33.jpg?_mod=1595017860 50w\" sizes=\"(max-width: 900px) 100vw, 900px\" \/><\/figure><figure><img loading=\"lazy\" decoding=\"async\" width=\"900\" height=\"600\" class=\"wp-image-164680\" src=\"https:\/\/ma-me.pl\/wp-content\/uploads\/2019\/05\/Dolina_Cedronu_wesele_slub_65-1.jpg\" alt=\"\" data-id=\"164680\" data-link=\"https:\/\/ma-me.pl\/fotografia-slubna-krakow\/agnieszka-i-daniel-slub-i-wesele-w-dolinie-cedronu\/attachment\/dolina_cedronu_wesele_slub_65-2\/\" title=\"\" srcset=\"https:\/\/ma-me.pl\/wp-content\/uploads\/2019\/05\/Dolina_Cedronu_wesele_slub_65-1.jpg 900w, https:\/\/ma-me.pl\/wp-content\/uploads\/2019\/05\/Dolina_Cedronu_wesele_slub_65-1-300x200.jpg?_mod=1595017862 300w, https:\/\/ma-me.pl\/wp-content\/uploads\/2019\/05\/Dolina_Cedronu_wesele_slub_65-1-768x512.jpg?_mod=1595017862 768w, https:\/\/ma-me.pl\/wp-content\/uploads\/2019\/05\/Dolina_Cedronu_wesele_slub_65-1-50x33.jpg?_mod=1595017862 50w\" sizes=\"(max-width: 900px) 100vw, 900px\" \/><\/figure><figure><img loading=\"lazy\" decoding=\"async\" width=\"900\" height=\"672\" class=\"wp-image-164681\" src=\"https:\/\/ma-me.pl\/wp-content\/uploads\/2019\/05\/Dolina_Cedronu_wesele_slub_66-1.jpg\" alt=\"\" data-id=\"164681\" data-link=\"https:\/\/ma-me.pl\/fotografia-slubna-krakow\/agnieszka-i-daniel-slub-i-wesele-w-dolinie-cedronu\/attachment\/dolina_cedronu_wesele_slub_66-2\/\" title=\"\" srcset=\"https:\/\/ma-me.pl\/wp-content\/uploads\/2019\/05\/Dolina_Cedronu_wesele_slub_66-1.jpg 900w, https:\/\/ma-me.pl\/wp-content\/uploads\/2019\/05\/Dolina_Cedronu_wesele_slub_66-1-300x224.jpg?_mod=1595017862 300w, https:\/\/ma-me.pl\/wp-content\/uploads\/2019\/05\/Dolina_Cedronu_wesele_slub_66-1-768x573.jpg?_mod=1595017862 768w, https:\/\/ma-me.pl\/wp-content\/uploads\/2019\/05\/Dolina_Cedronu_wesele_slub_66-1-50x37.jpg?_mod=1595017862 50w\" sizes=\"(max-width: 900px) 100vw, 900px\" \/><\/figure><figure><img loading=\"lazy\" decoding=\"async\" width=\"900\" height=\"600\" class=\"wp-image-164682\" src=\"https:\/\/ma-me.pl\/wp-content\/uploads\/2019\/05\/Dolina_Cedronu_wesele_slub_67-1.jpg\" alt=\"\" data-id=\"164682\" data-link=\"https:\/\/ma-me.pl\/fotografia-slubna-krakow\/agnieszka-i-daniel-slub-i-wesele-w-dolinie-cedronu\/attachment\/dolina_cedronu_wesele_slub_67-2\/\" title=\"\" srcset=\"https:\/\/ma-me.pl\/wp-content\/uploads\/2019\/05\/Dolina_Cedronu_wesele_slub_67-1.jpg 900w, https:\/\/ma-me.pl\/wp-content\/uploads\/2019\/05\/Dolina_Cedronu_wesele_slub_67-1-300x200.jpg?_mod=1595017864 300w, https:\/\/ma-me.pl\/wp-content\/uploads\/2019\/05\/Dolina_Cedronu_wesele_slub_67-1-768x512.jpg?_mod=1595017864 768w, https:\/\/ma-me.pl\/wp-content\/uploads\/2019\/05\/Dolina_Cedronu_wesele_slub_67-1-50x33.jpg?_mod=1595017864 50w\" sizes=\"(max-width: 900px) 100vw, 900px\" \/><\/figure><figure><img loading=\"lazy\" decoding=\"async\" width=\"900\" height=\"672\" class=\"wp-image-164683\" src=\"https:\/\/ma-me.pl\/wp-content\/uploads\/2019\/05\/Dolina_Cedronu_wesele_slub_68-1.jpg\" alt=\"\" data-id=\"164683\" data-link=\"https:\/\/ma-me.pl\/fotografia-slubna-krakow\/agnieszka-i-daniel-slub-i-wesele-w-dolinie-cedronu\/attachment\/dolina_cedronu_wesele_slub_68-2\/\" title=\"\" srcset=\"https:\/\/ma-me.pl\/wp-content\/uploads\/2019\/05\/Dolina_Cedronu_wesele_slub_68-1.jpg 900w, https:\/\/ma-me.pl\/wp-content\/uploads\/2019\/05\/Dolina_Cedronu_wesele_slub_68-1-300x224.jpg?_mod=1595017864 300w, https:\/\/ma-me.pl\/wp-content\/uploads\/2019\/05\/Dolina_Cedronu_wesele_slub_68-1-768x573.jpg?_mod=1595017864 768w, https:\/\/ma-me.pl\/wp-content\/uploads\/2019\/05\/Dolina_Cedronu_wesele_slub_68-1-50x37.jpg?_mod=1595017864 50w\" sizes=\"(max-width: 900px) 100vw, 900px\" \/><\/figure><figure><img loading=\"lazy\" decoding=\"async\" width=\"900\" height=\"600\" class=\"wp-image-164684\" src=\"https:\/\/ma-me.pl\/wp-content\/uploads\/2019\/05\/Dolina_Cedronu_wesele_slub_69-1.jpg\" alt=\"sesja \u015blubna Dolina Cedronu\" data-id=\"164684\" data-link=\"https:\/\/ma-me.pl\/fotografia-slubna-krakow\/agnieszka-i-daniel-slub-i-wesele-w-dolinie-cedronu\/attachment\/dolina_cedronu_wesele_slub_69-2\/\" title=\"\" srcset=\"https:\/\/ma-me.pl\/wp-content\/uploads\/2019\/05\/Dolina_Cedronu_wesele_slub_69-1.jpg 900w, https:\/\/ma-me.pl\/wp-content\/uploads\/2019\/05\/Dolina_Cedronu_wesele_slub_69-1-300x200.jpg?_mod=1595017864 300w, https:\/\/ma-me.pl\/wp-content\/uploads\/2019\/05\/Dolina_Cedronu_wesele_slub_69-1-768x512.jpg?_mod=1595017864 768w, https:\/\/ma-me.pl\/wp-content\/uploads\/2019\/05\/Dolina_Cedronu_wesele_slub_69-1-50x33.jpg?_mod=1595017864 50w\" sizes=\"(max-width: 900px) 100vw, 900px\" \/><\/figure><figure><img loading=\"lazy\" decoding=\"async\" width=\"900\" height=\"600\" class=\"wp-image-164685\" src=\"https:\/\/ma-me.pl\/wp-content\/uploads\/2019\/05\/Dolina_Cedronu_wesele_slub_70-1.jpg\" alt=\"\" data-id=\"164685\" data-link=\"https:\/\/ma-me.pl\/fotografia-slubna-krakow\/agnieszka-i-daniel-slub-i-wesele-w-dolinie-cedronu\/attachment\/dolina_cedronu_wesele_slub_70-2\/\" title=\"\" srcset=\"https:\/\/ma-me.pl\/wp-content\/uploads\/2019\/05\/Dolina_Cedronu_wesele_slub_70-1.jpg 900w, https:\/\/ma-me.pl\/wp-content\/uploads\/2019\/05\/Dolina_Cedronu_wesele_slub_70-1-300x200.jpg?_mod=1595017866 300w, https:\/\/ma-me.pl\/wp-content\/uploads\/2019\/05\/Dolina_Cedronu_wesele_slub_70-1-768x512.jpg?_mod=1595017866 768w, https:\/\/ma-me.pl\/wp-content\/uploads\/2019\/05\/Dolina_Cedronu_wesele_slub_70-1-50x33.jpg?_mod=1595017866 50w\" sizes=\"(max-width: 900px) 100vw, 900px\" \/><\/figure><figure><img loading=\"lazy\" decoding=\"async\" width=\"900\" height=\"672\" class=\"wp-image-164686\" src=\"https:\/\/ma-me.pl\/wp-content\/uploads\/2019\/05\/Dolina_Cedronu_wesele_slub_71-1.jpg\" alt=\"\" data-id=\"164686\" data-link=\"https:\/\/ma-me.pl\/fotografia-slubna-krakow\/agnieszka-i-daniel-slub-i-wesele-w-dolinie-cedronu\/attachment\/dolina_cedronu_wesele_slub_71-2\/\" title=\"\" srcset=\"https:\/\/ma-me.pl\/wp-content\/uploads\/2019\/05\/Dolina_Cedronu_wesele_slub_71-1.jpg 900w, https:\/\/ma-me.pl\/wp-content\/uploads\/2019\/05\/Dolina_Cedronu_wesele_slub_71-1-300x224.jpg?_mod=1595017866 300w, https:\/\/ma-me.pl\/wp-content\/uploads\/2019\/05\/Dolina_Cedronu_wesele_slub_71-1-768x573.jpg?_mod=1595017866 768w, https:\/\/ma-me.pl\/wp-content\/uploads\/2019\/05\/Dolina_Cedronu_wesele_slub_71-1-50x37.jpg?_mod=1595017866 50w\" sizes=\"(max-width: 900px) 100vw, 900px\" \/><\/figure><figure><img loading=\"lazy\" decoding=\"async\" width=\"900\" height=\"600\" class=\"wp-image-164687\" src=\"https:\/\/ma-me.pl\/wp-content\/uploads\/2019\/05\/Dolina_Cedronu_wesele_slub_72-1.jpg\" alt=\"sesja \u015blubna z koniem\" data-id=\"164687\" data-link=\"https:\/\/ma-me.pl\/fotografia-slubna-krakow\/agnieszka-i-daniel-slub-i-wesele-w-dolinie-cedronu\/attachment\/dolina_cedronu_wesele_slub_72-2\/\" title=\"\" srcset=\"https:\/\/ma-me.pl\/wp-content\/uploads\/2019\/05\/Dolina_Cedronu_wesele_slub_72-1.jpg 900w, https:\/\/ma-me.pl\/wp-content\/uploads\/2019\/05\/Dolina_Cedronu_wesele_slub_72-1-300x200.jpg?_mod=1595017868 300w, https:\/\/ma-me.pl\/wp-content\/uploads\/2019\/05\/Dolina_Cedronu_wesele_slub_72-1-768x512.jpg?_mod=1595017868 768w, https:\/\/ma-me.pl\/wp-content\/uploads\/2019\/05\/Dolina_Cedronu_wesele_slub_72-1-50x33.jpg?_mod=1595017868 50w\" sizes=\"(max-width: 900px) 100vw, 900px\" \/><\/figure><figure><img loading=\"lazy\" decoding=\"async\" width=\"900\" height=\"600\" class=\"wp-image-164688\" src=\"https:\/\/ma-me.pl\/wp-content\/uploads\/2019\/05\/Dolina_Cedronu_wesele_slub_73-1.jpg\" alt=\"\" data-id=\"164688\" data-link=\"https:\/\/ma-me.pl\/fotografia-slubna-krakow\/agnieszka-i-daniel-slub-i-wesele-w-dolinie-cedronu\/attachment\/dolina_cedronu_wesele_slub_73-2\/\" title=\"\" srcset=\"https:\/\/ma-me.pl\/wp-content\/uploads\/2019\/05\/Dolina_Cedronu_wesele_slub_73-1.jpg 900w, https:\/\/ma-me.pl\/wp-content\/uploads\/2019\/05\/Dolina_Cedronu_wesele_slub_73-1-300x200.jpg?_mod=1595017868 300w, https:\/\/ma-me.pl\/wp-content\/uploads\/2019\/05\/Dolina_Cedronu_wesele_slub_73-1-768x512.jpg?_mod=1595017868 768w, https:\/\/ma-me.pl\/wp-content\/uploads\/2019\/05\/Dolina_Cedronu_wesele_slub_73-1-50x33.jpg?_mod=1595017868 50w\" sizes=\"(max-width: 900px) 100vw, 900px\" \/><\/figure><figure><img loading=\"lazy\" decoding=\"async\" width=\"900\" height=\"600\" class=\"wp-image-164689\" src=\"https:\/\/ma-me.pl\/wp-content\/uploads\/2019\/05\/Dolina_Cedronu_wesele_slub_74-1.jpg\" alt=\"\" data-id=\"164689\" data-link=\"https:\/\/ma-me.pl\/fotografia-slubna-krakow\/agnieszka-i-daniel-slub-i-wesele-w-dolinie-cedronu\/attachment\/dolina_cedronu_wesele_slub_74-2\/\" title=\"\" srcset=\"https:\/\/ma-me.pl\/wp-content\/uploads\/2019\/05\/Dolina_Cedronu_wesele_slub_74-1.jpg 900w, https:\/\/ma-me.pl\/wp-content\/uploads\/2019\/05\/Dolina_Cedronu_wesele_slub_74-1-300x200.jpg?_mod=1595017868 300w, https:\/\/ma-me.pl\/wp-content\/uploads\/2019\/05\/Dolina_Cedronu_wesele_slub_74-1-768x512.jpg?_mod=1595017868 768w, https:\/\/ma-me.pl\/wp-content\/uploads\/2019\/05\/Dolina_Cedronu_wesele_slub_74-1-50x33.jpg?_mod=1595017868 50w\" sizes=\"(max-width: 900px) 100vw, 900px\" \/><\/figure><figure><img loading=\"lazy\" decoding=\"async\" width=\"900\" height=\"600\" class=\"wp-image-164690\" src=\"https:\/\/ma-me.pl\/wp-content\/uploads\/2019\/05\/Dolina_Cedronu_wesele_slub_75-1.jpg\" alt=\"\" data-id=\"164690\" data-link=\"https:\/\/ma-me.pl\/fotografia-slubna-krakow\/agnieszka-i-daniel-slub-i-wesele-w-dolinie-cedronu\/attachment\/dolina_cedronu_wesele_slub_75-2\/\" title=\"\" srcset=\"https:\/\/ma-me.pl\/wp-content\/uploads\/2019\/05\/Dolina_Cedronu_wesele_slub_75-1.jpg 900w, https:\/\/ma-me.pl\/wp-content\/uploads\/2019\/05\/Dolina_Cedronu_wesele_slub_75-1-300x200.jpg?_mod=1595017868 300w, https:\/\/ma-me.pl\/wp-content\/uploads\/2019\/05\/Dolina_Cedronu_wesele_slub_75-1-768x512.jpg?_mod=1595017868 768w, https:\/\/ma-me.pl\/wp-content\/uploads\/2019\/05\/Dolina_Cedronu_wesele_slub_75-1-50x33.jpg?_mod=1595017868 50w\" sizes=\"(max-width: 900px) 100vw, 900px\" \/><\/figure><figure><img loading=\"lazy\" decoding=\"async\" width=\"900\" height=\"600\" class=\"wp-image-164691\" src=\"https:\/\/ma-me.pl\/wp-content\/uploads\/2019\/05\/Dolina_Cedronu_wesele_slub_76-1.jpg\" alt=\"\" data-id=\"164691\" data-link=\"https:\/\/ma-me.pl\/fotografia-slubna-krakow\/agnieszka-i-daniel-slub-i-wesele-w-dolinie-cedronu\/attachment\/dolina_cedronu_wesele_slub_76-2\/\" title=\"\" srcset=\"https:\/\/ma-me.pl\/wp-content\/uploads\/2019\/05\/Dolina_Cedronu_wesele_slub_76-1.jpg 900w, https:\/\/ma-me.pl\/wp-content\/uploads\/2019\/05\/Dolina_Cedronu_wesele_slub_76-1-300x200.jpg?_mod=1595017870 300w, https:\/\/ma-me.pl\/wp-content\/uploads\/2019\/05\/Dolina_Cedronu_wesele_slub_76-1-768x512.jpg?_mod=1595017870 768w, https:\/\/ma-me.pl\/wp-content\/uploads\/2019\/05\/Dolina_Cedronu_wesele_slub_76-1-50x33.jpg?_mod=1595017870 50w\" sizes=\"(max-width: 900px) 100vw, 900px\" \/><\/figure><figure><img loading=\"lazy\" decoding=\"async\" width=\"900\" height=\"600\" class=\"wp-image-164692\" src=\"https:\/\/ma-me.pl\/wp-content\/uploads\/2019\/05\/Dolina_Cedronu_wesele_slub_77-1.jpg\" alt=\"\" data-id=\"164692\" data-link=\"https:\/\/ma-me.pl\/fotografia-slubna-krakow\/agnieszka-i-daniel-slub-i-wesele-w-dolinie-cedronu\/attachment\/dolina_cedronu_wesele_slub_77-2\/\" title=\"\" srcset=\"https:\/\/ma-me.pl\/wp-content\/uploads\/2019\/05\/Dolina_Cedronu_wesele_slub_77-1.jpg 900w, https:\/\/ma-me.pl\/wp-content\/uploads\/2019\/05\/Dolina_Cedronu_wesele_slub_77-1-300x200.jpg?_mod=1595017870 300w, https:\/\/ma-me.pl\/wp-content\/uploads\/2019\/05\/Dolina_Cedronu_wesele_slub_77-1-768x512.jpg?_mod=1595017870 768w, https:\/\/ma-me.pl\/wp-content\/uploads\/2019\/05\/Dolina_Cedronu_wesele_slub_77-1-50x33.jpg?_mod=1595017870 50w\" sizes=\"(max-width: 900px) 100vw, 900px\" \/><\/figure><figure><img loading=\"lazy\" decoding=\"async\" width=\"900\" height=\"600\" class=\"wp-image-164693\" src=\"https:\/\/ma-me.pl\/wp-content\/uploads\/2019\/05\/Dolina_Cedronu_wesele_slub_78-1.jpg\" alt=\"\" data-id=\"164693\" data-link=\"https:\/\/ma-me.pl\/fotografia-slubna-krakow\/agnieszka-i-daniel-slub-i-wesele-w-dolinie-cedronu\/attachment\/dolina_cedronu_wesele_slub_78-2\/\" title=\"\" srcset=\"https:\/\/ma-me.pl\/wp-content\/uploads\/2019\/05\/Dolina_Cedronu_wesele_slub_78-1.jpg 900w, https:\/\/ma-me.pl\/wp-content\/uploads\/2019\/05\/Dolina_Cedronu_wesele_slub_78-1-300x200.jpg?_mod=1595017870 300w, https:\/\/ma-me.pl\/wp-content\/uploads\/2019\/05\/Dolina_Cedronu_wesele_slub_78-1-768x512.jpg?_mod=1595017870 768w, https:\/\/ma-me.pl\/wp-content\/uploads\/2019\/05\/Dolina_Cedronu_wesele_slub_78-1-50x33.jpg?_mod=1595017870 50w\" sizes=\"(max-width: 900px) 100vw, 900px\" \/><\/figure><figure><img loading=\"lazy\" decoding=\"async\" width=\"900\" height=\"600\" class=\"wp-image-164694\" src=\"https:\/\/ma-me.pl\/wp-content\/uploads\/2019\/05\/Dolina_Cedronu_wesele_slub_79-1.jpg\" alt=\"\" data-id=\"164694\" data-link=\"https:\/\/ma-me.pl\/fotografia-slubna-krakow\/agnieszka-i-daniel-slub-i-wesele-w-dolinie-cedronu\/attachment\/dolina_cedronu_wesele_slub_79-2\/\" title=\"\" srcset=\"https:\/\/ma-me.pl\/wp-content\/uploads\/2019\/05\/Dolina_Cedronu_wesele_slub_79-1.jpg 900w, https:\/\/ma-me.pl\/wp-content\/uploads\/2019\/05\/Dolina_Cedronu_wesele_slub_79-1-300x200.jpg?_mod=1595017872 300w, https:\/\/ma-me.pl\/wp-content\/uploads\/2019\/05\/Dolina_Cedronu_wesele_slub_79-1-768x512.jpg?_mod=1595017872 768w, https:\/\/ma-me.pl\/wp-content\/uploads\/2019\/05\/Dolina_Cedronu_wesele_slub_79-1-50x33.jpg?_mod=1595017872 50w\" sizes=\"(max-width: 900px) 100vw, 900px\" \/><\/figure><figure><img loading=\"lazy\" decoding=\"async\" width=\"900\" height=\"600\" class=\"wp-image-164695\" src=\"https:\/\/ma-me.pl\/wp-content\/uploads\/2019\/05\/Dolina_Cedronu_wesele_slub_80-1.jpg\" alt=\"\" data-id=\"164695\" data-link=\"https:\/\/ma-me.pl\/fotografia-slubna-krakow\/agnieszka-i-daniel-slub-i-wesele-w-dolinie-cedronu\/attachment\/dolina_cedronu_wesele_slub_80-2\/\" title=\"\" srcset=\"https:\/\/ma-me.pl\/wp-content\/uploads\/2019\/05\/Dolina_Cedronu_wesele_slub_80-1.jpg 900w, https:\/\/ma-me.pl\/wp-content\/uploads\/2019\/05\/Dolina_Cedronu_wesele_slub_80-1-300x200.jpg?_mod=1595017872 300w, https:\/\/ma-me.pl\/wp-content\/uploads\/2019\/05\/Dolina_Cedronu_wesele_slub_80-1-768x512.jpg?_mod=1595017872 768w, https:\/\/ma-me.pl\/wp-content\/uploads\/2019\/05\/Dolina_Cedronu_wesele_slub_80-1-50x33.jpg?_mod=1595017872 50w\" sizes=\"(max-width: 900px) 100vw, 900px\" \/><\/figure><figure><img loading=\"lazy\" decoding=\"async\" width=\"900\" height=\"600\" class=\"wp-image-164696\" src=\"https:\/\/ma-me.pl\/wp-content\/uploads\/2019\/05\/Dolina_Cedronu_wesele_slub_81-1.jpg\" alt=\"\" data-id=\"164696\" data-link=\"https:\/\/ma-me.pl\/fotografia-slubna-krakow\/agnieszka-i-daniel-slub-i-wesele-w-dolinie-cedronu\/attachment\/dolina_cedronu_wesele_slub_81-2\/\" title=\"\" srcset=\"https:\/\/ma-me.pl\/wp-content\/uploads\/2019\/05\/Dolina_Cedronu_wesele_slub_81-1.jpg 900w, https:\/\/ma-me.pl\/wp-content\/uploads\/2019\/05\/Dolina_Cedronu_wesele_slub_81-1-300x200.jpg?_mod=1595017872 300w, https:\/\/ma-me.pl\/wp-content\/uploads\/2019\/05\/Dolina_Cedronu_wesele_slub_81-1-768x512.jpg?_mod=1595017874 768w, https:\/\/ma-me.pl\/wp-content\/uploads\/2019\/05\/Dolina_Cedronu_wesele_slub_81-1-50x33.jpg?_mod=1595017872 50w\" sizes=\"(max-width: 900px) 100vw, 900px\" \/><\/figure><figure><img loading=\"lazy\" decoding=\"async\" width=\"900\" height=\"600\" class=\"wp-image-164697\" src=\"https:\/\/ma-me.pl\/wp-content\/uploads\/2019\/05\/Dolina_Cedronu_wesele_slub_82-1.jpg\" alt=\"\" data-id=\"164697\" data-link=\"https:\/\/ma-me.pl\/fotografia-slubna-krakow\/agnieszka-i-daniel-slub-i-wesele-w-dolinie-cedronu\/attachment\/dolina_cedronu_wesele_slub_82-2\/\" title=\"\" srcset=\"https:\/\/ma-me.pl\/wp-content\/uploads\/2019\/05\/Dolina_Cedronu_wesele_slub_82-1.jpg 900w, https:\/\/ma-me.pl\/wp-content\/uploads\/2019\/05\/Dolina_Cedronu_wesele_slub_82-1-300x200.jpg?_mod=1595017874 300w, https:\/\/ma-me.pl\/wp-content\/uploads\/2019\/05\/Dolina_Cedronu_wesele_slub_82-1-768x512.jpg?_mod=1595017874 768w, https:\/\/ma-me.pl\/wp-content\/uploads\/2019\/05\/Dolina_Cedronu_wesele_slub_82-1-50x33.jpg?_mod=1595017874 50w\" sizes=\"(max-width: 900px) 100vw, 900px\" \/><\/figure><figure><img loading=\"lazy\" decoding=\"async\" width=\"900\" height=\"600\" class=\"wp-image-164698\" src=\"https:\/\/ma-me.pl\/wp-content\/uploads\/2019\/05\/Dolina_Cedronu_wesele_slub_83-1.jpg\" alt=\"\" data-id=\"164698\" data-link=\"https:\/\/ma-me.pl\/fotografia-slubna-krakow\/agnieszka-i-daniel-slub-i-wesele-w-dolinie-cedronu\/attachment\/dolina_cedronu_wesele_slub_83-2\/\" title=\"\" srcset=\"https:\/\/ma-me.pl\/wp-content\/uploads\/2019\/05\/Dolina_Cedronu_wesele_slub_83-1.jpg 900w, https:\/\/ma-me.pl\/wp-content\/uploads\/2019\/05\/Dolina_Cedronu_wesele_slub_83-1-300x200.jpg?_mod=1595017874 300w, https:\/\/ma-me.pl\/wp-content\/uploads\/2019\/05\/Dolina_Cedronu_wesele_slub_83-1-768x512.jpg?_mod=1595017874 768w, https:\/\/ma-me.pl\/wp-content\/uploads\/2019\/05\/Dolina_Cedronu_wesele_slub_83-1-50x33.jpg?_mod=1595017874 50w\" sizes=\"(max-width: 900px) 100vw, 900px\" \/><\/figure><figure><img loading=\"lazy\" decoding=\"async\" width=\"900\" height=\"600\" class=\"wp-image-164699\" src=\"https:\/\/ma-me.pl\/wp-content\/uploads\/2019\/05\/Dolina_Cedronu_wesele_slub_84-1.jpg\" alt=\"\" data-id=\"164699\" data-link=\"https:\/\/ma-me.pl\/fotografia-slubna-krakow\/agnieszka-i-daniel-slub-i-wesele-w-dolinie-cedronu\/attachment\/dolina_cedronu_wesele_slub_84-2\/\" title=\"\" srcset=\"https:\/\/ma-me.pl\/wp-content\/uploads\/2019\/05\/Dolina_Cedronu_wesele_slub_84-1.jpg 900w, https:\/\/ma-me.pl\/wp-content\/uploads\/2019\/05\/Dolina_Cedronu_wesele_slub_84-1-300x200.jpg?_mod=1595017874 300w, https:\/\/ma-me.pl\/wp-content\/uploads\/2019\/05\/Dolina_Cedronu_wesele_slub_84-1-768x512.jpg?_mod=1595017874 768w, https:\/\/ma-me.pl\/wp-content\/uploads\/2019\/05\/Dolina_Cedronu_wesele_slub_84-1-50x33.jpg?_mod=1595017874 50w\" sizes=\"(max-width: 900px) 100vw, 900px\" \/><\/figure><figure><img loading=\"lazy\" decoding=\"async\" width=\"900\" height=\"600\" class=\"wp-image-164700\" src=\"https:\/\/ma-me.pl\/wp-content\/uploads\/2019\/05\/Dolina_Cedronu_wesele_slub_85-1.jpg\" alt=\"\" data-id=\"164700\" data-link=\"https:\/\/ma-me.pl\/fotografia-slubna-krakow\/agnieszka-i-daniel-slub-i-wesele-w-dolinie-cedronu\/attachment\/dolina_cedronu_wesele_slub_85-2\/\" title=\"\" srcset=\"https:\/\/ma-me.pl\/wp-content\/uploads\/2019\/05\/Dolina_Cedronu_wesele_slub_85-1.jpg 900w, https:\/\/ma-me.pl\/wp-content\/uploads\/2019\/05\/Dolina_Cedronu_wesele_slub_85-1-300x200.jpg?_mod=1595017876 300w, https:\/\/ma-me.pl\/wp-content\/uploads\/2019\/05\/Dolina_Cedronu_wesele_slub_85-1-768x512.jpg?_mod=1595017876 768w, https:\/\/ma-me.pl\/wp-content\/uploads\/2019\/05\/Dolina_Cedronu_wesele_slub_85-1-50x33.jpg?_mod=1595017876 50w\" sizes=\"(max-width: 900px) 100vw, 900px\" \/><\/figure><figure><img loading=\"lazy\" decoding=\"async\" width=\"900\" height=\"600\" class=\"wp-image-164701\" src=\"https:\/\/ma-me.pl\/wp-content\/uploads\/2019\/05\/Dolina_Cedronu_wesele_slub_86-1.jpg\" alt=\"\" data-id=\"164701\" data-link=\"https:\/\/ma-me.pl\/fotografia-slubna-krakow\/agnieszka-i-daniel-slub-i-wesele-w-dolinie-cedronu\/attachment\/dolina_cedronu_wesele_slub_86-2\/\" title=\"\" srcset=\"https:\/\/ma-me.pl\/wp-content\/uploads\/2019\/05\/Dolina_Cedronu_wesele_slub_86-1.jpg 900w, https:\/\/ma-me.pl\/wp-content\/uploads\/2019\/05\/Dolina_Cedronu_wesele_slub_86-1-300x200.jpg?_mod=1595017876 300w, https:\/\/ma-me.pl\/wp-content\/uploads\/2019\/05\/Dolina_Cedronu_wesele_slub_86-1-768x512.jpg?_mod=1595017876 768w, https:\/\/ma-me.pl\/wp-content\/uploads\/2019\/05\/Dolina_Cedronu_wesele_slub_86-1-50x33.jpg?_mod=1595017876 50w\" sizes=\"(max-width: 900px) 100vw, 900px\" \/><\/figure><figure><img loading=\"lazy\" decoding=\"async\" width=\"900\" height=\"600\" class=\"wp-image-164702\" src=\"https:\/\/ma-me.pl\/wp-content\/uploads\/2019\/05\/Dolina_Cedronu_wesele_slub_87-1.jpg\" alt=\"\" data-id=\"164702\" data-link=\"https:\/\/ma-me.pl\/fotografia-slubna-krakow\/agnieszka-i-daniel-slub-i-wesele-w-dolinie-cedronu\/attachment\/dolina_cedronu_wesele_slub_87-2\/\" title=\"\" srcset=\"https:\/\/ma-me.pl\/wp-content\/uploads\/2019\/05\/Dolina_Cedronu_wesele_slub_87-1.jpg 900w, https:\/\/ma-me.pl\/wp-content\/uploads\/2019\/05\/Dolina_Cedronu_wesele_slub_87-1-300x200.jpg?_mod=1595017876 300w, https:\/\/ma-me.pl\/wp-content\/uploads\/2019\/05\/Dolina_Cedronu_wesele_slub_87-1-768x512.jpg?_mod=1595017876 768w, https:\/\/ma-me.pl\/wp-content\/uploads\/2019\/05\/Dolina_Cedronu_wesele_slub_87-1-50x33.jpg?_mod=1595017876 50w\" sizes=\"(max-width: 900px) 100vw, 900px\" \/><\/figure><figure><img loading=\"lazy\" decoding=\"async\" width=\"900\" height=\"600\" class=\"wp-image-164703\" src=\"https:\/\/ma-me.pl\/wp-content\/uploads\/2019\/05\/Dolina_Cedronu_wesele_slub_88-1.jpg\" alt=\"\" data-id=\"164703\" data-link=\"https:\/\/ma-me.pl\/fotografia-slubna-krakow\/agnieszka-i-daniel-slub-i-wesele-w-dolinie-cedronu\/attachment\/dolina_cedronu_wesele_slub_88-2\/\" title=\"\" srcset=\"https:\/\/ma-me.pl\/wp-content\/uploads\/2019\/05\/Dolina_Cedronu_wesele_slub_88-1.jpg 900w, https:\/\/ma-me.pl\/wp-content\/uploads\/2019\/05\/Dolina_Cedronu_wesele_slub_88-1-300x200.jpg?_mod=1595017876 300w, https:\/\/ma-me.pl\/wp-content\/uploads\/2019\/05\/Dolina_Cedronu_wesele_slub_88-1-768x512.jpg?_mod=1595017876 768w, https:\/\/ma-me.pl\/wp-content\/uploads\/2019\/05\/Dolina_Cedronu_wesele_slub_88-1-50x33.jpg?_mod=1595017876 50w\" sizes=\"(max-width: 900px) 100vw, 900px\" \/><\/figure><figure><img loading=\"lazy\" decoding=\"async\" width=\"900\" height=\"600\" class=\"wp-image-164704\" src=\"https:\/\/ma-me.pl\/wp-content\/uploads\/2019\/05\/Dolina_Cedronu_wesele_slub_89-1.jpg\" alt=\"\" data-id=\"164704\" data-link=\"https:\/\/ma-me.pl\/fotografia-slubna-krakow\/agnieszka-i-daniel-slub-i-wesele-w-dolinie-cedronu\/attachment\/dolina_cedronu_wesele_slub_89-2\/\" title=\"\" srcset=\"https:\/\/ma-me.pl\/wp-content\/uploads\/2019\/05\/Dolina_Cedronu_wesele_slub_89-1.jpg 900w, https:\/\/ma-me.pl\/wp-content\/uploads\/2019\/05\/Dolina_Cedronu_wesele_slub_89-1-300x200.jpg?_mod=1595017878 300w, https:\/\/ma-me.pl\/wp-content\/uploads\/2019\/05\/Dolina_Cedronu_wesele_slub_89-1-768x512.jpg?_mod=1595017878 768w, https:\/\/ma-me.pl\/wp-content\/uploads\/2019\/05\/Dolina_Cedronu_wesele_slub_89-1-50x33.jpg?_mod=1595017878 50w\" sizes=\"(max-width: 900px) 100vw, 900px\" \/><\/figure><figure><img loading=\"lazy\" decoding=\"async\" width=\"900\" height=\"600\" class=\"wp-image-164705\" src=\"https:\/\/ma-me.pl\/wp-content\/uploads\/2019\/05\/Dolina_Cedronu_wesele_slub_90-1.jpg\" alt=\"\" data-id=\"164705\" data-link=\"https:\/\/ma-me.pl\/fotografia-slubna-krakow\/agnieszka-i-daniel-slub-i-wesele-w-dolinie-cedronu\/attachment\/dolina_cedronu_wesele_slub_90-2\/\" title=\"\" srcset=\"https:\/\/ma-me.pl\/wp-content\/uploads\/2019\/05\/Dolina_Cedronu_wesele_slub_90-1.jpg 900w, https:\/\/ma-me.pl\/wp-content\/uploads\/2019\/05\/Dolina_Cedronu_wesele_slub_90-1-300x200.jpg?_mod=1595017878 300w, https:\/\/ma-me.pl\/wp-content\/uploads\/2019\/05\/Dolina_Cedronu_wesele_slub_90-1-768x512.jpg?_mod=1595017878 768w, https:\/\/ma-me.pl\/wp-content\/uploads\/2019\/05\/Dolina_Cedronu_wesele_slub_90-1-50x33.jpg?_mod=1595017878 50w\" sizes=\"(max-width: 900px) 100vw, 900px\" \/><\/figure><figure><\/figure><figure><\/figure><figure><img loading=\"lazy\" decoding=\"async\" width=\"900\" height=\"600\" class=\"wp-image-164706\" src=\"https:\/\/ma-me.pl\/wp-content\/uploads\/2019\/05\/Dolina_Cedronu_wesele_slub_91-1.jpg\" alt=\"Dolina Cedronu noc\u0105\" data-id=\"164706\" data-link=\"https:\/\/ma-me.pl\/fotografia-slubna-krakow\/agnieszka-i-daniel-slub-i-wesele-w-dolinie-cedronu\/attachment\/dolina_cedronu_wesele_slub_91-2\/\" title=\"\" srcset=\"https:\/\/ma-me.pl\/wp-content\/uploads\/2019\/05\/Dolina_Cedronu_wesele_slub_91-1.jpg 900w, https:\/\/ma-me.pl\/wp-content\/uploads\/2019\/05\/Dolina_Cedronu_wesele_slub_91-1-300x200.jpg?_mod=1595017880 300w, https:\/\/ma-me.pl\/wp-content\/uploads\/2019\/05\/Dolina_Cedronu_wesele_slub_91-1-768x512.jpg?_mod=1595017880 768w, https:\/\/ma-me.pl\/wp-content\/uploads\/2019\/05\/Dolina_Cedronu_wesele_slub_91-1-50x33.jpg?_mod=1595017880 50w\" sizes=\"(max-width: 900px) 100vw, 900px\" \/><\/figure><p>Zobacz te\u017c: <a href=\"https:\/\/ma-me.pl\/fotografia-slubna-krakow\/slub-wesele-oaza-lencze\/\" target=\"_blank\" rel=\"noopener noreferrer\">\u015aLUB WESELE OAZA LE\u0143CZE<\/a><\/p>\n","protected":false},"excerpt":{"rendered":"<p>Spring has come. And with spring, another year has come, and another chapter of our photographic journey related to weddings. You could say it&#8217;s our personal, long-term photographic project, which we realize in life and to which we are devoted. Sometimes, we can&#8217;t believe it&#8217;s been a decade already, because we still feel so young\u2026 [&hellip;]<\/p>\n","protected":false},"author":1,"featured_media":188366,"comment_status":"open","ping_status":"closed","sticky":false,"template":"","format":"standard","meta":{"_acf_changed":false,"_gspb_post_css":"","pgc_sgb_lightbox_settings":"","footnotes":""},"categories":[1070],"tags":[],"class_list":["post-193617","post","type-post","status-publish","format-standard","has-post-thumbnail","hentry","category-wedding-photography"],"blocksy_meta":[],"acf":[],"_links":{"self":[{"href":"https:\/\/ma-me.pl\/en\/wp-json\/wp\/v2\/posts\/193617"}],"collection":[{"href":"https:\/\/ma-me.pl\/en\/wp-json\/wp\/v2\/posts"}],"about":[{"href":"https:\/\/ma-me.pl\/en\/wp-json\/wp\/v2\/types\/post"}],"author":[{"embeddable":true,"href":"https:\/\/ma-me.pl\/en\/wp-json\/wp\/v2\/users\/1"}],"replies":[{"embeddable":true,"href":"https:\/\/ma-me.pl\/en\/wp-json\/wp\/v2\/comments?post=193617"}],"version-history":[{"count":1,"href":"https:\/\/ma-me.pl\/en\/wp-json\/wp\/v2\/posts\/193617\/revisions"}],"predecessor-version":[{"id":195221,"href":"https:\/\/ma-me.pl\/en\/wp-json\/wp\/v2\/posts\/193617\/revisions\/195221"}],"wp:featuredmedia":[{"embeddable":true,"href":"https:\/\/ma-me.pl\/en\/wp-json\/wp\/v2\/media\/188366"}],"wp:attachment":[{"href":"https:\/\/ma-me.pl\/en\/wp-json\/wp\/v2\/media?parent=193617"}],"wp:term":[{"taxonomy":"category","embeddable":true,"href":"https:\/\/ma-me.pl\/en\/wp-json\/wp\/v2\/categories?post=193617"},{"taxonomy":"post_tag","embeddable":true,"href":"https:\/\/ma-me.pl\/en\/wp-json\/wp\/v2\/tags?post=193617"}],"curies":[{"name":"wp","href":"https:\/\/api.w.org\/{rel}","templated":true}]}}